{"id":20558,"date":"2021-11-20T14:18:40","date_gmt":"2021-11-20T20:18:40","guid":{"rendered":"https:\/\/encuentroinformativo.com.mx\/?p=20558"},"modified":"2021-11-20T14:18:44","modified_gmt":"2021-11-20T20:18:44","slug":"ultrajes-a-la-autoridad-abusa-de-ciudadanos-senador-monreal","status":"publish","type":"post","link":"https:\/\/encuentroinformativo.com.mx\/?p=20558","title":{"rendered":"Ultrajes a la autoridad, abusa de ciudadanos: Senador Monreal"},"content":{"rendered":"\n<p><strong>Dar\u00edo Pale <\/strong><\/p>\n\n\n\n<p>Xalapa, Ver.- El senador de Morena Ricardo Monreal denunci\u00f3 p\u00fablicamente en sus redes sociales el abuso del delito de ultrajes a la autoridad en Veracruz, por lo que hizo un llamado al Poder Judicial del Estado por el abuso de dicho delito que est\u00e1 de &#8220;moda&#8221; en el Estado para mantener en prisi\u00f3n a inocentes.<\/p>\n\n\n\n<p>En dicho mensaje que emiti\u00f3 mediante un video solicit\u00f3 la intervenci\u00f3n de la Comisi\u00f3n Nacional de Derechos Humanos (CNDH) en caso de j\u00f3venes detenidos en Xalapa desde hace tres meses ya que en Veracruz resulta &#8220;extra\u00f1o&#8221; que un nuevo delito est\u00e9 de moda.<\/p>\n\n\n\n<p>Dio a conocer que dicho delito tiene que ver con los ultrajes a la autoridad y \u00faltimamente se han integrado carpetas de investigaci\u00f3n a trav\u00e9s de las cuales se ha privado de la libertad a ciudadanos inocentes.<\/p>\n\n\n\n<p>&#8220;Recientemente seis j\u00f3venes fueron privados de su libertad por este delito. Est\u00e1 demostrado que estos j\u00f3venes estaban en una plaza comercial, los detuvieron, no opusieron resistencia y a los minutos o a la hora fueron acusados de que hab\u00edan agredido con cuchillos a unos polic\u00edas, lo que resulta totalmente falso&#8221;, acus\u00f3.<\/p>\n\n\n\n<p>&#8220;Sin embargo, estos j\u00f3venes, seis j\u00f3venes a los que les han arruinado su vida, tienen tres meses privados de su libertad sin que el juez de control haga algo por su liberaci\u00f3n a pesar de las pruebas que existen&#8221;, agreg\u00f3.<\/p>\n\n\n\n<p>El legislador federal defini\u00f3 que no se puede aceptar que se sigan &#8220;fabricando&#8221;, a trav\u00e9s de dicho delito de corte de penal, delitos y privando de su libertad a ciudadanos y ciudadanas.<\/p>\n\n\n\n<p>Fue ah\u00ed donde hizo un llamado atento al Poder Judicial de Veracruz y pidi\u00f3 a la Comisi\u00f3n Nacional de Derechos Humanos para que intervenga en dicho asunto radicado a trav\u00e9s de la carpeta de investigaci\u00f3n UIP\/DXl\/F10\/4673\/2021.<\/p>\n\n\n\n<p>Pidi\u00f3 sensibilidad para que no se siga arruinando la vida de j\u00f3venes y ciudadanos inocentes que son abusados por el poder p\u00fablico y que son gravemente lesionados en sus derechos humanos.<\/p>\n\n\n\n<p>El pasado 8 de septiembre fueron detenidos en Xalapa \u00a0por el presunto delito de amenazas y ultrajes a la autoridad, Jos\u00e9 Leonardo \u201cN\u201d, Lorenzo \u201cN\u201d, Juvencio \u201cN\u201d, Alejandro\u201cN\u201d, Brian Alberto\u201cN\u201d y Luis \u201cN\u201d, por parte de elementos de la Polic\u00eda Estatal, en la avenida 20 de noviembre de la colonia Tatahuicapan.<\/p>\n\n\n\n<p>Supuestamente se les vio forcejeando con un hombre junto una camioneta blindada y una motocicleta, por lo que los elementos uniformados se acercaron y los detuvieron.<\/p>\n\n\n\n<p>Hay que referir que en el caso de los abogados del diputado del PRI, de Oaxaca, V\u00edctor Alfonso &#8220;N&#8221;y Jos\u00e9 Ram\u00f3n &#8220;N&#8221;, fueron aprehendidos por ultrajes a la autoridad y portaci\u00f3n de armas de fuego, as\u00ed como portaci\u00f3n de estupefacientes y tambi\u00e9n los acusan de haber intentado agredir a los elementos con un cuchillo.<\/p>\n\n\n\n<p>Otro de los detenidos por el mismo delito es el perredista Rogelio \u201cN\u201d, reci\u00e9n se hab\u00eda aprobado la modificaci\u00f3n legal en el C\u00f3digo Penal veracruzano.<\/p>\n\n\n\n<p>Finalmente coment\u00f3 qu en abril pasado, ocho personas fueron detenidas en Orizaba, en un local de tatuajes y en otros lugares de la zona centro, por el delito de ultrajes a la autoridad, y otras por supuestos v\u00ednculos con el C\u00e1rtel Jalisco Nueva Generaci\u00f3n (CJNG), m\u00e1s tarde tres de ellos fueron liberados al no lograr la FGE vincularlos a proceso.<\/p>\n","protected":false},"excerpt":{"rendered":"<p>Dar\u00edo Pale Xalapa, Ver.- El senador de Morena Ricardo Monreal denunci\u00f3 p\u00fablicamente en sus redes sociales el abuso del delito de ultrajes a la autoridad en Veracruz, por lo que hizo un llamado al Poder Judicial del Estado por el abuso de dicho delito que est\u00e1 de &#8220;moda&#8221; en el Estado para mantener en prisi\u00f3n [&hellip;]<\/p>\n","protected":false},"author":1,"featured_media":20559,"comment_status":"open","ping_status":"open","sticky":false,"template":"","format":"standard","meta":{"_jetpack_memberships_contains_paid_content":false,"footnotes":""},"categories":[2],"tags":[],"class_list":["post-20558","post","type-post","status-publish","format-standard","has-post-thumbnail","hentry","category-estado"],"jetpack_featured_media_url":"https:\/\/encuentroinformativo.com.mx\/wp-content\/uploads\/2021\/11\/746DD349-D73E-4B20-A96B-2AFF383422CE.jpeg","jetpack_sharing_enabled":true,"jetpack_likes_enabled":true,"amp_enabled":true,"_links":{"self":[{"href":"https:\/\/encuentroinformativo.com.mx\/index.php?rest_route=\/wp\/v2\/posts\/20558","targetHints":{"allow":["GET"]}}],"collection":[{"href":"https:\/\/encuentroinformativo.com.mx\/index.php?rest_route=\/wp\/v2\/posts"}],"about":[{"href":"https:\/\/encuentroinformativo.com.mx\/index.php?rest_route=\/wp\/v2\/types\/post"}],"author":[{"embeddable":true,"href":"https:\/\/encuentroinformativo.com.mx\/index.php?rest_route=\/wp\/v2\/users\/1"}],"replies":[{"embeddable":true,"href":"https:\/\/encuentroinformativo.com.mx\/index.php?rest_route=%2Fwp%2Fv2%2Fcomments&post=20558"}],"version-history":[{"count":1,"href":"https:\/\/encuentroinformativo.com.mx\/index.php?rest_route=\/wp\/v2\/posts\/20558\/revisions"}],"predecessor-version":[{"id":20560,"href":"https:\/\/encuentroinformativo.com.mx\/index.php?rest_route=\/wp\/v2\/posts\/20558\/revisions\/20560"}],"wp:featuredmedia":[{"embeddable":true,"href":"https:\/\/encuentroinformativo.com.mx\/index.php?rest_route=\/wp\/v2\/media\/20559"}],"wp:attachment":[{"href":"https:\/\/encuentroinformativo.com.mx\/index.php?rest_route=%2Fwp%2Fv2%2Fmedia&parent=20558"}],"wp:term":[{"taxonomy":"category","embeddable":true,"href":"https:\/\/encuentroinformativo.com.mx\/index.php?rest_route=%2Fwp%2Fv2%2Fcategories&post=20558"},{"taxonomy":"post_tag","embeddable":true,"href":"https:\/\/encuentroinformativo.com.mx\/index.php?rest_route=%2Fwp%2Fv2%2Ftags&post=20558"}],"curies":[{"name":"wp","href":"https:\/\/api.w.org\/{rel}","templated":true}]}}