{"id":20565,"date":"2021-11-20T18:17:21","date_gmt":"2021-11-21T00:17:21","guid":{"rendered":"https:\/\/encuentroinformativo.com.mx\/?p=20565"},"modified":"2021-11-20T18:17:25","modified_gmt":"2021-11-21T00:17:25","slug":"pandemia-ajusto-acciones-de-gobierno","status":"publish","type":"post","link":"https:\/\/encuentroinformativo.com.mx\/?p=20565","title":{"rendered":"Pandemia ajust\u00f3 acciones de gobierno"},"content":{"rendered":"\n<p><strong>Dar\u00edo Pale <\/strong><\/p>\n\n\n\n<p>Xalapa, Ver.- La jefa de la oficina de Programa de Gobierno Waltraud Mart\u00ednez Olvera dio a conocer que los efectos de la pandemia y da\u00f1os por Grace no evitar\u00e1n que siga el combate a la pobreza en Veracruz.<\/p>\n\n\n\n<p>Entrevistada posterior a la guardia de honor frente al busto de Francisco I. Madero en el parque Ju\u00e1rez se\u00f1al\u00f3 que la reactivaci\u00f3n econ\u00f3mica en Veracruz tras los avances en la atenci\u00f3n a la pandemia por COVID-19 hacen que sea necesario ajustar las acciones del Gobierno del Estado y que se encuentran direccionadas en el Plan Veracruzano de Desarrollo, enfocadas al combate a la pobreza.<\/p>\n\n\n\n<p>Dio a conocer que la meta para el 2022 ser\u00e1 continuar con la disminuci\u00f3n de la pobreza en la entidad, dando prioridad con las acciones de la administraci\u00f3n estatal a la poblaci\u00f3n m\u00e1s necesitada.<\/p>\n\n\n\n<p>&#8220;Cerrando el tercer a\u00f1o hacemos ajustes, siempre preguntan qu\u00e9 est\u00e1 pendiente y eso es lo que hacemos en la Oficina del Programa de Gobierno, ajustes con todos los equipos del se\u00f1or gobernador, la meta es cumplir, pese a lo que pase, que todos sabemos que en este momento es COVID y Grace, pese a lo que sea el compromiso es cumplir con la poblaci\u00f3n&#8221;, coment\u00f3.<\/p>\n\n\n\n<p>Finalmente record\u00f3 que &#8220;a inicios de a\u00f1o siempre hacemos ajustes en las planeaciones para poder cumplir cabalmente, bueno ya estamos viendo que empieza la reactivaci\u00f3n tur\u00edstica y econ\u00f3mica, ese es un buen escenario, estaremos dando seguimiento a ese movimiento precisamente porque la poblaci\u00f3n necesitamos sentir el movimiento de lo que es el ingreso en nuestros bolsillos, estaremos pendientes&#8221;.<\/p>\n","protected":false},"excerpt":{"rendered":"<p>Dar\u00edo Pale Xalapa, Ver.- La jefa de la oficina de Programa de Gobierno Waltraud Mart\u00ednez Olvera dio a conocer que los efectos de la pandemia y da\u00f1os por Grace no evitar\u00e1n que siga el combate a la pobreza en Veracruz. Entrevistada posterior a la guardia de honor frente al busto de Francisco I. Madero en [&hellip;]<\/p>\n","protected":false},"author":1,"featured_media":20566,"comment_status":"open","ping_status":"open","sticky":false,"template":"","format":"standard","meta":{"_jetpack_memberships_contains_paid_content":false,"footnotes":""},"categories":[2],"tags":[],"class_list":["post-20565","post","type-post","status-publish","format-standard","has-post-thumbnail","hentry","category-estado"],"jetpack_featured_media_url":"https:\/\/encuentroinformativo.com.mx\/wp-content\/uploads\/2021\/11\/6D246994-6EF7-4208-8AE2-6829F7D951F4.jpeg","jetpack_sharing_enabled":true,"jetpack_likes_enabled":true,"amp_enabled":true,"_links":{"self":[{"href":"https:\/\/encuentroinformativo.com.mx\/index.php?rest_route=\/wp\/v2\/posts\/20565","targetHints":{"allow":["GET"]}}],"collection":[{"href":"https:\/\/encuentroinformativo.com.mx\/index.php?rest_route=\/wp\/v2\/posts"}],"about":[{"href":"https:\/\/encuentroinformativo.com.mx\/index.php?rest_route=\/wp\/v2\/types\/post"}],"author":[{"embeddable":true,"href":"https:\/\/encuentroinformativo.com.mx\/index.php?rest_route=\/wp\/v2\/users\/1"}],"replies":[{"embeddable":true,"href":"https:\/\/encuentroinformativo.com.mx\/index.php?rest_route=%2Fwp%2Fv2%2Fcomments&post=20565"}],"version-history":[{"count":1,"href":"https:\/\/encuentroinformativo.com.mx\/index.php?rest_route=\/wp\/v2\/posts\/20565\/revisions"}],"predecessor-version":[{"id":20567,"href":"https:\/\/encuentroinformativo.com.mx\/index.php?rest_route=\/wp\/v2\/posts\/20565\/revisions\/20567"}],"wp:featuredmedia":[{"embeddable":true,"href":"https:\/\/encuentroinformativo.com.mx\/index.php?rest_route=\/wp\/v2\/media\/20566"}],"wp:attachment":[{"href":"https:\/\/encuentroinformativo.com.mx\/index.php?rest_route=%2Fwp%2Fv2%2Fmedia&parent=20565"}],"wp:term":[{"taxonomy":"category","embeddable":true,"href":"https:\/\/encuentroinformativo.com.mx\/index.php?rest_route=%2Fwp%2Fv2%2Fcategories&post=20565"},{"taxonomy":"post_tag","embeddable":true,"href":"https:\/\/encuentroinformativo.com.mx\/index.php?rest_route=%2Fwp%2Fv2%2Ftags&post=20565"}],"curies":[{"name":"wp","href":"https:\/\/api.w.org\/{rel}","templated":true}]}}