{"id":2058,"date":"2020-04-23T12:04:20","date_gmt":"2020-04-23T17:04:20","guid":{"rendered":"https:\/\/encuentroinformativo.com\/?p=2058"},"modified":"2020-04-23T12:04:21","modified_gmt":"2020-04-23T17:04:21","slug":"por-culpa-de-covid-19-musicos-estan-en-crisis","status":"publish","type":"post","link":"https:\/\/encuentroinformativo.com.mx\/?p=2058","title":{"rendered":"Por culpa de Covid-19, m\u00fasicos est\u00e1n en crisis"},"content":{"rendered":"\n<p><strong>Dar\u00edo Pale<\/strong><\/p>\n\n\n\n<p><strong>Foto<\/strong>: Juan Arcos <\/p>\n\n\n\n<p>Xalapa, Ver.- El secretario general del Sindicato Filarm\u00f3nico del estado de Veracruz, Jos\u00e9 Luis Ram\u00edrez Reyes dio a conocer que los m\u00fasicos en Veracruz enfrentan una crisis sin precedentes porque al menos tres mil se quedaron sin trabajo por la pandemia de coronavirus COVID-19.<\/p>\n\n\n\n<p>Entrevistado durante la manifestaci\u00f3n en la plaza Lerdo dijo que tan solo en Xalapa son aproximadamente mil los m\u00fasicos que ya no tienen c\u00f3mo sostener a sus familias.<\/p>\n\n\n\n<p>Por lo anterior acudieron a manifestarse frente a Palacio de Gobierno para exigir apoyo de la administraci\u00f3n estatal, porque a m\u00e1s de un mes de que inici\u00f3 la pandemia en Veracruz no han recibido ninguna clase de ayuda.<\/p>\n\n\n\n<p>&#8220;Las p\u00e9rdidas son incalculables porque el m\u00fasico a veces gana bien, a veces mal, no hay un salario fijo, es muy variable y nosotros queremos cubrir las necesidades b\u00e1sicas que es comer&#8221;, se\u00f1al\u00f3.<\/p>\n\n\n\n<p>Al pedir apoyo, se\u00f1alaron que \u00a0los cr\u00e9ditos de 25 mil pesos que ofrece el Gobierno federal no son la v\u00eda porque despu\u00e9s de la contingencia la crisis econ\u00f3mica no frenar\u00e1 y no tendr\u00edan con qu\u00e9 pagar la deuda.<\/p>\n\n\n\n<p>Y en cambio pidieron Gobierno del estado los contrate para alguno de los eventos que se realizan en septiembre, como el Grito de Independencia, y que se les entregue un anticipo para poder paliar esta crisis.<\/p>\n\n\n\n<p><\/p>\n","protected":false},"excerpt":{"rendered":"<p>Dar\u00edo Pale Foto: Juan Arcos Xalapa, Ver.- El secretario general del Sindicato Filarm\u00f3nico del estado de Veracruz, Jos\u00e9 Luis Ram\u00edrez Reyes dio a conocer que los m\u00fasicos en Veracruz enfrentan una crisis sin precedentes porque al menos tres mil se quedaron sin trabajo por la pandemia de coronavirus COVID-19. Entrevistado durante la manifestaci\u00f3n en la [&hellip;]<\/p>\n","protected":false},"author":1,"featured_media":2059,"comment_status":"open","ping_status":"open","sticky":false,"template":"","format":"standard","meta":{"_jetpack_memberships_contains_paid_content":false,"footnotes":""},"categories":[3],"tags":[],"class_list":["post-2058","post","type-post","status-publish","format-standard","has-post-thumbnail","hentry","category-xalapa"],"jetpack_featured_media_url":"https:\/\/encuentroinformativo.com.mx\/wp-content\/uploads\/2020\/04\/73B97600-6565-4D66-80DA-489B3691F64A.jpeg","jetpack_sharing_enabled":true,"jetpack_likes_enabled":true,"amp_enabled":true,"_links":{"self":[{"href":"https:\/\/encuentroinformativo.com.mx\/index.php?rest_route=\/wp\/v2\/posts\/2058","targetHints":{"allow":["GET"]}}],"collection":[{"href":"https:\/\/encuentroinformativo.com.mx\/index.php?rest_route=\/wp\/v2\/posts"}],"about":[{"href":"https:\/\/encuentroinformativo.com.mx\/index.php?rest_route=\/wp\/v2\/types\/post"}],"author":[{"embeddable":true,"href":"https:\/\/encuentroinformativo.com.mx\/index.php?rest_route=\/wp\/v2\/users\/1"}],"replies":[{"embeddable":true,"href":"https:\/\/encuentroinformativo.com.mx\/index.php?rest_route=%2Fwp%2Fv2%2Fcomments&post=2058"}],"version-history":[{"count":1,"href":"https:\/\/encuentroinformativo.com.mx\/index.php?rest_route=\/wp\/v2\/posts\/2058\/revisions"}],"predecessor-version":[{"id":2060,"href":"https:\/\/encuentroinformativo.com.mx\/index.php?rest_route=\/wp\/v2\/posts\/2058\/revisions\/2060"}],"wp:featuredmedia":[{"embeddable":true,"href":"https:\/\/encuentroinformativo.com.mx\/index.php?rest_route=\/wp\/v2\/media\/2059"}],"wp:attachment":[{"href":"https:\/\/encuentroinformativo.com.mx\/index.php?rest_route=%2Fwp%2Fv2%2Fmedia&parent=2058"}],"wp:term":[{"taxonomy":"category","embeddable":true,"href":"https:\/\/encuentroinformativo.com.mx\/index.php?rest_route=%2Fwp%2Fv2%2Fcategories&post=2058"},{"taxonomy":"post_tag","embeddable":true,"href":"https:\/\/encuentroinformativo.com.mx\/index.php?rest_route=%2Fwp%2Fv2%2Ftags&post=2058"}],"curies":[{"name":"wp","href":"https:\/\/api.w.org\/{rel}","templated":true}]}}