{"id":20586,"date":"2021-11-21T15:01:13","date_gmt":"2021-11-21T21:01:13","guid":{"rendered":"https:\/\/encuentroinformativo.com.mx\/?p=20586"},"modified":"2021-11-21T15:01:16","modified_gmt":"2021-11-21T21:01:16","slug":"se-quejan-trabajadores-de-upav-los-obligan-a-recabar-firmas-acusan","status":"publish","type":"post","link":"https:\/\/encuentroinformativo.com.mx\/?p=20586","title":{"rendered":"Se quejan trabajadores de UPAV; los obligan a recabar firmas, acusan"},"content":{"rendered":"\n<p><strong>Juan Arcos<\/strong><\/p>\n\n\n\n<p>Xalapa, Ver.- Trabajadores de la Universidad Popular Aut\u00f3noma de Veracruz (UPAV) denunciaron que est\u00e1n siendo obligados a recabar firmas para la renovaci\u00f3n de mandato contra el presidente de la Rep\u00fablica, Andr\u00e9s Manuel L\u00f3pez Obrador, por p\u00e9rdida de la confianza.<\/p>\n\n\n\n<p>Se les ha repartido un formato para la obtenci\u00f3n de firmas ciudadanas, donde cada uno de los participantes debe proporcionar la clave de su credencial para votar.<\/p>\n\n\n\n<p>Adem\u00e1s, a los firmantes se les exige que proporcionen la copia de su credencial del Instituto Nacional Electoral (INE), para que este mismo organismo d\u00e9 validez al proceso.<\/p>\n\n\n\n<p>Los empleados est\u00e1n en contra de que en la instituci\u00f3n acad\u00e9mica est\u00e9n promovi\u00e9ndose cuestiones pol\u00edticas impulsadas por el gobierno federal, como parte de un supuesto ejercicio democr\u00e1tico.<\/p>\n\n\n\n<p>En el documento se observan espacios que deben ser llenados con el nombre de las ciudadanas y ciudadanos firmantes.<\/p>\n\n\n\n<p>Sin embargo, no se ha solicitado de manera opcional, si no que se exige la entrega del oficio con los requerimientos mencionados.<\/p>\n\n\n\n<p>Los trabajadores de la UPAV tienen que entregar las firmas a m\u00e1s tardar el lunes 22 de noviembre.<\/p>\n","protected":false},"excerpt":{"rendered":"<p>Juan Arcos Xalapa, Ver.- Trabajadores de la Universidad Popular Aut\u00f3noma de Veracruz (UPAV) denunciaron que est\u00e1n siendo obligados a recabar firmas para la renovaci\u00f3n de mandato contra el presidente de la Rep\u00fablica, Andr\u00e9s Manuel L\u00f3pez Obrador, por p\u00e9rdida de la confianza. Se les ha repartido un formato para la obtenci\u00f3n de firmas ciudadanas, donde cada [&hellip;]<\/p>\n","protected":false},"author":1,"featured_media":20587,"comment_status":"open","ping_status":"open","sticky":false,"template":"","format":"standard","meta":{"_jetpack_memberships_contains_paid_content":false,"footnotes":""},"categories":[3],"tags":[],"class_list":["post-20586","post","type-post","status-publish","format-standard","has-post-thumbnail","hentry","category-xalapa"],"jetpack_featured_media_url":"https:\/\/encuentroinformativo.com.mx\/wp-content\/uploads\/2021\/11\/250E967D-4850-4C29-9E36-EEEB317B853F.jpeg","jetpack_sharing_enabled":true,"jetpack_likes_enabled":true,"amp_enabled":true,"_links":{"self":[{"href":"https:\/\/encuentroinformativo.com.mx\/index.php?rest_route=\/wp\/v2\/posts\/20586","targetHints":{"allow":["GET"]}}],"collection":[{"href":"https:\/\/encuentroinformativo.com.mx\/index.php?rest_route=\/wp\/v2\/posts"}],"about":[{"href":"https:\/\/encuentroinformativo.com.mx\/index.php?rest_route=\/wp\/v2\/types\/post"}],"author":[{"embeddable":true,"href":"https:\/\/encuentroinformativo.com.mx\/index.php?rest_route=\/wp\/v2\/users\/1"}],"replies":[{"embeddable":true,"href":"https:\/\/encuentroinformativo.com.mx\/index.php?rest_route=%2Fwp%2Fv2%2Fcomments&post=20586"}],"version-history":[{"count":1,"href":"https:\/\/encuentroinformativo.com.mx\/index.php?rest_route=\/wp\/v2\/posts\/20586\/revisions"}],"predecessor-version":[{"id":20588,"href":"https:\/\/encuentroinformativo.com.mx\/index.php?rest_route=\/wp\/v2\/posts\/20586\/revisions\/20588"}],"wp:featuredmedia":[{"embeddable":true,"href":"https:\/\/encuentroinformativo.com.mx\/index.php?rest_route=\/wp\/v2\/media\/20587"}],"wp:attachment":[{"href":"https:\/\/encuentroinformativo.com.mx\/index.php?rest_route=%2Fwp%2Fv2%2Fmedia&parent=20586"}],"wp:term":[{"taxonomy":"category","embeddable":true,"href":"https:\/\/encuentroinformativo.com.mx\/index.php?rest_route=%2Fwp%2Fv2%2Fcategories&post=20586"},{"taxonomy":"post_tag","embeddable":true,"href":"https:\/\/encuentroinformativo.com.mx\/index.php?rest_route=%2Fwp%2Fv2%2Ftags&post=20586"}],"curies":[{"name":"wp","href":"https:\/\/api.w.org\/{rel}","templated":true}]}}