{"id":20589,"date":"2021-11-21T15:20:47","date_gmt":"2021-11-21T21:20:47","guid":{"rendered":"https:\/\/encuentroinformativo.com.mx\/?p=20589"},"modified":"2021-11-21T15:20:50","modified_gmt":"2021-11-21T21:20:50","slug":"ambientalistas-se-suman-para-rechazar-megaproyectos","status":"publish","type":"post","link":"https:\/\/encuentroinformativo.com.mx\/?p=20589","title":{"rendered":"Ambientalistas se suman para rechazar \u201cmegaproyectos\u201d"},"content":{"rendered":"\n<p><strong>Juan Arcos<\/strong><\/p>\n\n\n\n<p>Tlapacoyan, Ver.- Ambientalistas de distintas regiones del pa\u00eds se concentraron en el estado de Veracruz, se pronunciaron en contra de los \u201cmegaproyectos de muerte\u201d y realizaron un ritual en defensa de la vida y de la naturaleza.<\/p>\n\n\n\n<p>Decenas de activistas se reunieron en el Auditorio Municipal de Tlapacoyan, localizado en la zona centro de la entidad, en la regi\u00f3n del Nautla, a 102 kil\u00f3metros de la ciudad de Xalapa.<\/p>\n\n\n\n<p>De acuerdo con Guillermo Rodr\u00edguez Curiel, integrante de La Asamblea Veracruzana de Iniciativas y Defensa Ambiental (Lavida), la pandemia del SARS-COV-2 (COVID-19) fue aprovechada por las empresas transnacionales para avanzar con sus proyectos.<\/p>\n\n\n\n<p>\u201cA eso agr\u00e9guenle que las oficinas de gobierno, sobre todo la autoridad ambiental cerraron sus puertas, no ten\u00edas ning\u00fan corredor que te permitiera continuar en la defensa, excepto donde aquellos amigos tienen a\u00f1os de resistencia como en Jalcomulco o en la cuenca del r\u00edo Bobos-Nautla\u201d, expres\u00f3.<\/p>\n\n\n\n<p>Los defensores del medio ambiente decidieron alzar la voz en el marco del aniversario de la Revoluci\u00f3n Mexicana, para externar que continuar\u00e1n sus acciones enfocadas a la defensa del territorio.<\/p>\n\n\n\n<p>En el evento participaron ambientalistas de Oaxaca, Michoac\u00e1n, Puebla, Chiapas, Tlaxcala, Ciudad de M\u00e9xico y de otros estados de la Rep\u00fablica Mexicana, quienes hablaron de su trabajo para proteger sus pueblos de miner\u00eda a cielo abierto, as\u00ed como de la construcci\u00f3n de presas hidroel\u00e9ctricas, fracking, gasoductos y otros proyectos.<\/p>\n\n\n\n<p>\u201cLa defensa de nuestro territorio la hacemos desde nuestras comunidades y desde nuestras parcelas donde sembramos y cosechamos\u201d, enfatizaron.<\/p>\n\n\n\n<p>Mencionaron que han sido v\u00edctimas de amenazas de muerte, levantones y que algunos de sus compa\u00f1eros han sido asesinados por participar en la resistencia.<\/p>\n\n\n\n<p>\u201cNos comprometemos a proteger de esos proyectos de muerte que nos han impuesto varias empresas y los gobiernos sin conciencia humana, a cuidar esos manantiales y sus r\u00edos, poniendo todo el esfuerzo para no seguir mat\u00e1ndolos con sus drenajes. A respetar nuestros arroyos a no seguir contamin\u00e1ndolos y provocando la muerte de esos seres vivos que a\u00fan quedan en peligro en esosarroyos y r\u00edos, que nuestros hijos deben de conocer\u201d, enfatizaron.<\/p>\n\n\n\n<figure class=\"wp-block-image size-large\"><img loading=\"lazy\" decoding=\"async\" width=\"1024\" height=\"603\" src=\"https:\/\/encuentroinformativo.com.mx\/wp-content\/uploads\/2021\/11\/4A0E7930-589F-40B4-A60A-6641B5A61937-1024x603.jpeg\" alt=\"\" class=\"wp-image-20591\" srcset=\"https:\/\/encuentroinformativo.com.mx\/wp-content\/uploads\/2021\/11\/4A0E7930-589F-40B4-A60A-6641B5A61937-1024x603.jpeg 1024w, https:\/\/encuentroinformativo.com.mx\/wp-content\/uploads\/2021\/11\/4A0E7930-589F-40B4-A60A-6641B5A61937-300x177.jpeg 300w, https:\/\/encuentroinformativo.com.mx\/wp-content\/uploads\/2021\/11\/4A0E7930-589F-40B4-A60A-6641B5A61937-768x452.jpeg 768w, https:\/\/encuentroinformativo.com.mx\/wp-content\/uploads\/2021\/11\/4A0E7930-589F-40B4-A60A-6641B5A61937-1536x905.jpeg 1536w, https:\/\/encuentroinformativo.com.mx\/wp-content\/uploads\/2021\/11\/4A0E7930-589F-40B4-A60A-6641B5A61937.jpeg 1896w\" sizes=\"auto, (max-width: 1024px) 100vw, 1024px\" \/><\/figure>\n","protected":false},"excerpt":{"rendered":"<p>Juan Arcos Tlapacoyan, Ver.- Ambientalistas de distintas regiones del pa\u00eds se concentraron en el estado de Veracruz, se pronunciaron en contra de los \u201cmegaproyectos de muerte\u201d y realizaron un ritual en defensa de la vida y de la naturaleza. Decenas de activistas se reunieron en el Auditorio Municipal de Tlapacoyan, localizado en la zona centro [&hellip;]<\/p>\n","protected":false},"author":1,"featured_media":20590,"comment_status":"open","ping_status":"open","sticky":false,"template":"","format":"standard","meta":{"_jetpack_memberships_contains_paid_content":false,"footnotes":""},"categories":[2],"tags":[],"class_list":["post-20589","post","type-post","status-publish","format-standard","has-post-thumbnail","hentry","category-estado"],"jetpack_featured_media_url":"https:\/\/encuentroinformativo.com.mx\/wp-content\/uploads\/2021\/11\/FD0F5D8E-FB6F-42A8-8294-CA60BCE0A490.jpeg","jetpack_sharing_enabled":true,"jetpack_likes_enabled":true,"amp_enabled":true,"_links":{"self":[{"href":"https:\/\/encuentroinformativo.com.mx\/index.php?rest_route=\/wp\/v2\/posts\/20589","targetHints":{"allow":["GET"]}}],"collection":[{"href":"https:\/\/encuentroinformativo.com.mx\/index.php?rest_route=\/wp\/v2\/posts"}],"about":[{"href":"https:\/\/encuentroinformativo.com.mx\/index.php?rest_route=\/wp\/v2\/types\/post"}],"author":[{"embeddable":true,"href":"https:\/\/encuentroinformativo.com.mx\/index.php?rest_route=\/wp\/v2\/users\/1"}],"replies":[{"embeddable":true,"href":"https:\/\/encuentroinformativo.com.mx\/index.php?rest_route=%2Fwp%2Fv2%2Fcomments&post=20589"}],"version-history":[{"count":1,"href":"https:\/\/encuentroinformativo.com.mx\/index.php?rest_route=\/wp\/v2\/posts\/20589\/revisions"}],"predecessor-version":[{"id":20592,"href":"https:\/\/encuentroinformativo.com.mx\/index.php?rest_route=\/wp\/v2\/posts\/20589\/revisions\/20592"}],"wp:featuredmedia":[{"embeddable":true,"href":"https:\/\/encuentroinformativo.com.mx\/index.php?rest_route=\/wp\/v2\/media\/20590"}],"wp:attachment":[{"href":"https:\/\/encuentroinformativo.com.mx\/index.php?rest_route=%2Fwp%2Fv2%2Fmedia&parent=20589"}],"wp:term":[{"taxonomy":"category","embeddable":true,"href":"https:\/\/encuentroinformativo.com.mx\/index.php?rest_route=%2Fwp%2Fv2%2Fcategories&post=20589"},{"taxonomy":"post_tag","embeddable":true,"href":"https:\/\/encuentroinformativo.com.mx\/index.php?rest_route=%2Fwp%2Fv2%2Ftags&post=20589"}],"curies":[{"name":"wp","href":"https:\/\/api.w.org\/{rel}","templated":true}]}}