{"id":20597,"date":"2021-11-21T15:43:44","date_gmt":"2021-11-21T21:43:44","guid":{"rendered":"https:\/\/encuentroinformativo.com.mx\/?p=20597"},"modified":"2021-11-21T15:43:48","modified_gmt":"2021-11-21T21:43:48","slug":"alvaradenos-llevan-11-dias-sin-agua-preparan-protestas","status":"publish","type":"post","link":"https:\/\/encuentroinformativo.com.mx\/?p=20597","title":{"rendered":"Alvarade\u00f1os llevan 11 d\u00edas sin agua, preparan protestas"},"content":{"rendered":"\n<p><strong>Alejandro \u00c1vila<\/strong><\/p>\n\n\n\n<p>Alvarado, Ver.- Desde hace 11 d\u00edas, al menos 8 colonias del municipio de Alvarado sufren de la falta de agua debido a diversas irregularidades en el servicio que ofrece la delegaci\u00f3n de la Comisi\u00f3n de Agua del Estado de Veracruz (CAEV), por lo que han decidido manifestarse en las oficinas este lunes.<\/p>\n\n\n\n<p>Algunos ciudadanos lanzaron la convocatoria a trav\u00e9s de redes sociales, pues acusan a la dependencia estatal de solo &#8220;parchar&#8221; las fugas de agua y no invertir una mejor obra que de una verdadera soluci\u00f3n al problema, que ser\u00eda cambiar la l\u00ednea de conducci\u00f3n.<\/p>\n\n\n\n<p>&#8220;Ya estamos hasta la madre de estar as\u00ed, cada vez que hay norte se va la luz y se detiene el bombeo, y el agua de regresa provocando un aumento de presi\u00f3n en la l\u00ednea para luego romperse&#8221;, apunt\u00f3 uno de los afectados.<\/p>\n\n\n\n<p>Las colonias que no cuentan con el servicio de agua desde hace 11 d\u00edas son: INFONAVIT, Magisterial, Vista Hermosa, Framboyanes, Carriles, Aguacates, Luz del Carmen, Marigalante y una parte del Centro.<\/p>\n\n\n\n<p>Hace poco m\u00e1s de una semana se rompi\u00f3 una tuber\u00eda en la calle Cosamaloapan de la colonia Los Aguacates, los vecinos se\u00f1alaron que CAEV solo se limita a cambiar el tramo roto, pero urge hacer un cambio de toda la tuber\u00eda, desde el pozo de bombeo hasta el tanque regulador, mismo que se encuentra a una altura de 72 metros, adem\u00e1s se deber\u00edan colocar dos v\u00e1lvulas check y una aliviadora de presi\u00f3n.<\/p>\n\n\n\n<p>&#8220;CAEV estatal ya debe hacer una buena inversi\u00f3n para cambiar esa tuber\u00eda y evitar ese problema a\u00f1ejo. Estamos convocando ma\u00f1ana a manifestarnos en las oficinas de Alvarado&#8221;, remat\u00f3.<\/p>\n","protected":false},"excerpt":{"rendered":"<p>Alejandro \u00c1vila Alvarado, Ver.- Desde hace 11 d\u00edas, al menos 8 colonias del municipio de Alvarado sufren de la falta de agua debido a diversas irregularidades en el servicio que ofrece la delegaci\u00f3n de la Comisi\u00f3n de Agua del Estado de Veracruz (CAEV), por lo que han decidido manifestarse en las oficinas este lunes. Algunos [&hellip;]<\/p>\n","protected":false},"author":1,"featured_media":20598,"comment_status":"open","ping_status":"open","sticky":false,"template":"","format":"standard","meta":{"_jetpack_memberships_contains_paid_content":false,"footnotes":""},"categories":[2],"tags":[],"class_list":["post-20597","post","type-post","status-publish","format-standard","has-post-thumbnail","hentry","category-estado"],"jetpack_featured_media_url":"https:\/\/encuentroinformativo.com.mx\/wp-content\/uploads\/2021\/11\/D9A81E2C-0628-4E20-8838-77880F73D710.jpeg","jetpack_sharing_enabled":true,"jetpack_likes_enabled":true,"amp_enabled":true,"_links":{"self":[{"href":"https:\/\/encuentroinformativo.com.mx\/index.php?rest_route=\/wp\/v2\/posts\/20597","targetHints":{"allow":["GET"]}}],"collection":[{"href":"https:\/\/encuentroinformativo.com.mx\/index.php?rest_route=\/wp\/v2\/posts"}],"about":[{"href":"https:\/\/encuentroinformativo.com.mx\/index.php?rest_route=\/wp\/v2\/types\/post"}],"author":[{"embeddable":true,"href":"https:\/\/encuentroinformativo.com.mx\/index.php?rest_route=\/wp\/v2\/users\/1"}],"replies":[{"embeddable":true,"href":"https:\/\/encuentroinformativo.com.mx\/index.php?rest_route=%2Fwp%2Fv2%2Fcomments&post=20597"}],"version-history":[{"count":1,"href":"https:\/\/encuentroinformativo.com.mx\/index.php?rest_route=\/wp\/v2\/posts\/20597\/revisions"}],"predecessor-version":[{"id":20599,"href":"https:\/\/encuentroinformativo.com.mx\/index.php?rest_route=\/wp\/v2\/posts\/20597\/revisions\/20599"}],"wp:featuredmedia":[{"embeddable":true,"href":"https:\/\/encuentroinformativo.com.mx\/index.php?rest_route=\/wp\/v2\/media\/20598"}],"wp:attachment":[{"href":"https:\/\/encuentroinformativo.com.mx\/index.php?rest_route=%2Fwp%2Fv2%2Fmedia&parent=20597"}],"wp:term":[{"taxonomy":"category","embeddable":true,"href":"https:\/\/encuentroinformativo.com.mx\/index.php?rest_route=%2Fwp%2Fv2%2Fcategories&post=20597"},{"taxonomy":"post_tag","embeddable":true,"href":"https:\/\/encuentroinformativo.com.mx\/index.php?rest_route=%2Fwp%2Fv2%2Ftags&post=20597"}],"curies":[{"name":"wp","href":"https:\/\/api.w.org\/{rel}","templated":true}]}}