{"id":20603,"date":"2021-11-22T09:28:39","date_gmt":"2021-11-22T15:28:39","guid":{"rendered":"https:\/\/encuentroinformativo.com.mx\/?p=20603"},"modified":"2021-11-22T09:28:42","modified_gmt":"2021-11-22T15:28:42","slug":"ex-diputado-atropella-y-mata-a-nina-en-huatusco","status":"publish","type":"post","link":"https:\/\/encuentroinformativo.com.mx\/?p=20603","title":{"rendered":"Ex diputado atropella y mata a ni\u00f1a en Huatusco"},"content":{"rendered":"\n<p><strong>Alejandro \u00c1vila<\/strong><\/p>\n\n\n\n<p>Huatusco, Ver.- Antonio Garc\u00eda Reyes, l\u00edder de la CNC en Veracruz y ex diputado local, fue aprehendido tras provocar un accidente en Huatusco, donde arroll\u00f3 con su veh\u00edculo a una menor de edad, quien minutos despu\u00e9s perdi\u00f3 la vida.<\/p>\n\n\n\n<p>Los hechos ocurrieron la noche de este domingo, cuando el l\u00edder campesino circulaba en su camioneta Chevrolet color oro, y tras perder el control de su unidad sobre la calle 17 entre avenida 7 y 9 en la colonia Xoxotla, se subi\u00f3 a la banqueta y atropell\u00f3 a una ni\u00f1a de siete a\u00f1os; se presume que el ex legislador se encontraba en estado de ebriedad.<\/p>\n\n\n\n<p>Al lugar se dieron cita elementos de la Polic\u00eda Municipal, Ministerial y personal de la Fiscal\u00eda Regional, quienes detuvieron al l\u00edder campesino para trasladarlo a los separos donde permanece a disposici\u00f3n de la FGE.<\/p>\n\n\n\n<p>Antonio Garc\u00eda Reyes lleg\u00f3 a la diputaci\u00f3n local como suplente del tambi\u00e9n l\u00edder de la CNC, Juan Carlos Molina Palacios, quien fuera asesinado en noviembre del 2019; posteriormente en julio del 2020, fue expulsado del PRI, tras haberse aliado a MORENA y haber votado en favor de la Reforma Electoral que promov\u00edan.<\/p>\n","protected":false},"excerpt":{"rendered":"<p>Alejandro \u00c1vila Huatusco, Ver.- Antonio Garc\u00eda Reyes, l\u00edder de la CNC en Veracruz y ex diputado local, fue aprehendido tras provocar un accidente en Huatusco, donde arroll\u00f3 con su veh\u00edculo a una menor de edad, quien minutos despu\u00e9s perdi\u00f3 la vida. Los hechos ocurrieron la noche de este domingo, cuando el l\u00edder campesino circulaba en [&hellip;]<\/p>\n","protected":false},"author":1,"featured_media":20604,"comment_status":"open","ping_status":"open","sticky":false,"template":"","format":"standard","meta":{"_jetpack_memberships_contains_paid_content":false,"footnotes":""},"categories":[14],"tags":[],"class_list":["post-20603","post","type-post","status-publish","format-standard","has-post-thumbnail","hentry","category-policiaca"],"jetpack_featured_media_url":"https:\/\/encuentroinformativo.com.mx\/wp-content\/uploads\/2021\/11\/46E13E4D-1300-45BA-9922-494F720AF46D.jpeg","jetpack_sharing_enabled":true,"jetpack_likes_enabled":true,"amp_enabled":true,"_links":{"self":[{"href":"https:\/\/encuentroinformativo.com.mx\/index.php?rest_route=\/wp\/v2\/posts\/20603","targetHints":{"allow":["GET"]}}],"collection":[{"href":"https:\/\/encuentroinformativo.com.mx\/index.php?rest_route=\/wp\/v2\/posts"}],"about":[{"href":"https:\/\/encuentroinformativo.com.mx\/index.php?rest_route=\/wp\/v2\/types\/post"}],"author":[{"embeddable":true,"href":"https:\/\/encuentroinformativo.com.mx\/index.php?rest_route=\/wp\/v2\/users\/1"}],"replies":[{"embeddable":true,"href":"https:\/\/encuentroinformativo.com.mx\/index.php?rest_route=%2Fwp%2Fv2%2Fcomments&post=20603"}],"version-history":[{"count":1,"href":"https:\/\/encuentroinformativo.com.mx\/index.php?rest_route=\/wp\/v2\/posts\/20603\/revisions"}],"predecessor-version":[{"id":20605,"href":"https:\/\/encuentroinformativo.com.mx\/index.php?rest_route=\/wp\/v2\/posts\/20603\/revisions\/20605"}],"wp:featuredmedia":[{"embeddable":true,"href":"https:\/\/encuentroinformativo.com.mx\/index.php?rest_route=\/wp\/v2\/media\/20604"}],"wp:attachment":[{"href":"https:\/\/encuentroinformativo.com.mx\/index.php?rest_route=%2Fwp%2Fv2%2Fmedia&parent=20603"}],"wp:term":[{"taxonomy":"category","embeddable":true,"href":"https:\/\/encuentroinformativo.com.mx\/index.php?rest_route=%2Fwp%2Fv2%2Fcategories&post=20603"},{"taxonomy":"post_tag","embeddable":true,"href":"https:\/\/encuentroinformativo.com.mx\/index.php?rest_route=%2Fwp%2Fv2%2Ftags&post=20603"}],"curies":[{"name":"wp","href":"https:\/\/api.w.org\/{rel}","templated":true}]}}