{"id":20606,"date":"2021-11-22T10:07:44","date_gmt":"2021-11-22T16:07:44","guid":{"rendered":"https:\/\/encuentroinformativo.com.mx\/?p=20606"},"modified":"2021-11-22T10:07:47","modified_gmt":"2021-11-22T16:07:47","slug":"alcalde-porteno-dara-su-ultimo-informe-en-el-zocalo-de-veracruz","status":"publish","type":"post","link":"https:\/\/encuentroinformativo.com.mx\/?p=20606","title":{"rendered":"Alcalde porte\u00f1o dar\u00e1 su \u00faltimo informe en el z\u00f3calo de Veracruz"},"content":{"rendered":"\n<p><strong>Alejandro \u00c1vila<\/strong><\/p>\n\n\n\n<p>Veracruz, Ver.- El alcalde Fernando Yunes M\u00e1rquez dijo que dar\u00e1 su \u00faltimo informe de gobierno en el z\u00f3calo de la ciudad de Veracruz, el pr\u00f3ximo 8 de diciembre.<\/p>\n\n\n\n<p>El edil panista, expuso que si bien era un evento que ya se ten\u00eda contemplado en el presupuesto del 2021, muy probablemente tendr\u00e1 un costo menor al que hab\u00edan considerado.<\/p>\n\n\n\n<p>&#8220;Ya, el 8 de diciembre en el z\u00f3calo (\u2026) ya se ten\u00eda presupuestado, practicamente desde el inicio del a\u00f1o, de hecho incluso yo creo que costar\u00e1 mucho menos de lo que ten\u00edamos presupuestado, apenas estamos haciendo n\u00fameros pero no tendr\u00e1 mayor costo&#8221;, se\u00f1al\u00f3.<\/p>\n\n\n\n<p>Yunes M\u00e1rquez expres\u00f3 que a\u00fan se encuentran en los preparativos y su equipo de trabajo se encuentra definiendo los detalles de su \u00faltimo informe de gobierno, donde por ser su despedida, podr\u00eda contar con algunas sorpresas para los asistentes.<\/p>\n\n\n\n<p>El alcalde destac\u00f3 que apesar de empezar su admnistraci\u00f3n con una deuda cercana a los 260 millones de pesos, a su salida le entregar\u00e1 a su sucesor, un municipio sin deudas de cualquier tipo.<\/p>\n\n\n\n<p>&#8220;Lo que hicimos fue primero empezar a pagar las deudas, empezar a poner orden en el gobierno, empezar a poner orden en los servicios p\u00fablicos, y hoy cuatro a\u00f1os despu\u00e9s, quiero decir que el d\u00eda que nos vayamos, el \u00faltimo d\u00eda del mes de diciembre, no dejaremos deuda a la pr\u00f3xima administraci\u00f3n; es decir, ellos podr\u00e1n empezar ahora si que limpios los pr\u00f3ximos cuatro a\u00f1os&#8221;, destac\u00f3.<\/p>\n","protected":false},"excerpt":{"rendered":"<p>Alejandro \u00c1vila Veracruz, Ver.- El alcalde Fernando Yunes M\u00e1rquez dijo que dar\u00e1 su \u00faltimo informe de gobierno en el z\u00f3calo de la ciudad de Veracruz, el pr\u00f3ximo 8 de diciembre. El edil panista, expuso que si bien era un evento que ya se ten\u00eda contemplado en el presupuesto del 2021, muy probablemente tendr\u00e1 un costo [&hellip;]<\/p>\n","protected":false},"author":1,"featured_media":18466,"comment_status":"open","ping_status":"open","sticky":false,"template":"","format":"standard","meta":{"_jetpack_memberships_contains_paid_content":false,"footnotes":""},"categories":[2],"tags":[],"class_list":["post-20606","post","type-post","status-publish","format-standard","has-post-thumbnail","hentry","category-estado"],"jetpack_featured_media_url":"https:\/\/encuentroinformativo.com.mx\/wp-content\/uploads\/2021\/09\/9C2EB676-B3DE-4C59-B682-E17B09B4C6C2.jpeg","jetpack_sharing_enabled":true,"jetpack_likes_enabled":true,"amp_enabled":true,"_links":{"self":[{"href":"https:\/\/encuentroinformativo.com.mx\/index.php?rest_route=\/wp\/v2\/posts\/20606","targetHints":{"allow":["GET"]}}],"collection":[{"href":"https:\/\/encuentroinformativo.com.mx\/index.php?rest_route=\/wp\/v2\/posts"}],"about":[{"href":"https:\/\/encuentroinformativo.com.mx\/index.php?rest_route=\/wp\/v2\/types\/post"}],"author":[{"embeddable":true,"href":"https:\/\/encuentroinformativo.com.mx\/index.php?rest_route=\/wp\/v2\/users\/1"}],"replies":[{"embeddable":true,"href":"https:\/\/encuentroinformativo.com.mx\/index.php?rest_route=%2Fwp%2Fv2%2Fcomments&post=20606"}],"version-history":[{"count":1,"href":"https:\/\/encuentroinformativo.com.mx\/index.php?rest_route=\/wp\/v2\/posts\/20606\/revisions"}],"predecessor-version":[{"id":20607,"href":"https:\/\/encuentroinformativo.com.mx\/index.php?rest_route=\/wp\/v2\/posts\/20606\/revisions\/20607"}],"wp:featuredmedia":[{"embeddable":true,"href":"https:\/\/encuentroinformativo.com.mx\/index.php?rest_route=\/wp\/v2\/media\/18466"}],"wp:attachment":[{"href":"https:\/\/encuentroinformativo.com.mx\/index.php?rest_route=%2Fwp%2Fv2%2Fmedia&parent=20606"}],"wp:term":[{"taxonomy":"category","embeddable":true,"href":"https:\/\/encuentroinformativo.com.mx\/index.php?rest_route=%2Fwp%2Fv2%2Fcategories&post=20606"},{"taxonomy":"post_tag","embeddable":true,"href":"https:\/\/encuentroinformativo.com.mx\/index.php?rest_route=%2Fwp%2Fv2%2Ftags&post=20606"}],"curies":[{"name":"wp","href":"https:\/\/api.w.org\/{rel}","templated":true}]}}