{"id":20611,"date":"2021-11-22T10:51:28","date_gmt":"2021-11-22T16:51:28","guid":{"rendered":"https:\/\/encuentroinformativo.com.mx\/?p=20611"},"modified":"2021-11-22T10:51:32","modified_gmt":"2021-11-22T16:51:32","slug":"suspenderan-servicio-de-agua-en-tuxpan","status":"publish","type":"post","link":"https:\/\/encuentroinformativo.com.mx\/?p=20611","title":{"rendered":"Suspender\u00e1n servicio de agua en Tuxpan"},"content":{"rendered":"\n<p><strong>Alejandro \u00c1vila<\/strong><\/p>\n\n\n\n<p>Tuxpan, Ver.- Por los trabajos de mantenimiento a los tanques reguladores en la colonia Obrera, la planta potabilizadora y de captaci\u00f3n en el X\u00fachitl, la ciudad de Tuxpan no tendr\u00e1 servicio de agua potable durante tres d\u00edas.<\/p>\n\n\n\n<p>La Comisi\u00f3n de Agua del Estado de Veracruz (CAEV) advirti\u00f3 a los ciudadanos que del 26 al 28 de noviembre, quedar\u00e1 suspendido el servicio de tandeo, por lo que se insta a los tuxpe\u00f1os a hacer uso racionado del agua.<\/p>\n\n\n\n<p>El Jefe de la oficina operadora de la CAEV en Tuxpan, Jorge Alberto Vargas Ch\u00e1velo, dijo que se realizar\u00e1 el paro total de los equipos de captaci\u00f3n en &#8220;El X\u00fachitl&#8221; y la planta potabilizadora, quedando de esta manera suspendido el suministro de agua en la ciudad; al tiempo que se\u00f1alo que se trabajara intensamente para restablecer lo m\u00e1s pronto posible el servicio.&nbsp;<\/p>\n\n\n\n<p>Ante esta situaci\u00f3n y debido a la emergencia sanitaria que se tiene en el municipio, la CAEV hace un llamado a los ciudadanos a cuidar el agua, y solicitando s\u00f3lo la ocupen para actividades esenciales, pues con las pipas de agua, que son utilizadas para distribuir agua, se estar\u00e1 dando prioridad a los hospitales.<\/p>\n","protected":false},"excerpt":{"rendered":"<p>Alejandro \u00c1vila Tuxpan, Ver.- Por los trabajos de mantenimiento a los tanques reguladores en la colonia Obrera, la planta potabilizadora y de captaci\u00f3n en el X\u00fachitl, la ciudad de Tuxpan no tendr\u00e1 servicio de agua potable durante tres d\u00edas. La Comisi\u00f3n de Agua del Estado de Veracruz (CAEV) advirti\u00f3 a los ciudadanos que del 26 [&hellip;]<\/p>\n","protected":false},"author":1,"featured_media":20612,"comment_status":"open","ping_status":"open","sticky":false,"template":"","format":"standard","meta":{"_jetpack_memberships_contains_paid_content":false,"footnotes":""},"categories":[2],"tags":[],"class_list":["post-20611","post","type-post","status-publish","format-standard","has-post-thumbnail","hentry","category-estado"],"jetpack_featured_media_url":"https:\/\/encuentroinformativo.com.mx\/wp-content\/uploads\/2021\/11\/76DF6864-1080-460E-9020-595255F9CD58.jpeg","jetpack_sharing_enabled":true,"jetpack_likes_enabled":true,"amp_enabled":true,"_links":{"self":[{"href":"https:\/\/encuentroinformativo.com.mx\/index.php?rest_route=\/wp\/v2\/posts\/20611","targetHints":{"allow":["GET"]}}],"collection":[{"href":"https:\/\/encuentroinformativo.com.mx\/index.php?rest_route=\/wp\/v2\/posts"}],"about":[{"href":"https:\/\/encuentroinformativo.com.mx\/index.php?rest_route=\/wp\/v2\/types\/post"}],"author":[{"embeddable":true,"href":"https:\/\/encuentroinformativo.com.mx\/index.php?rest_route=\/wp\/v2\/users\/1"}],"replies":[{"embeddable":true,"href":"https:\/\/encuentroinformativo.com.mx\/index.php?rest_route=%2Fwp%2Fv2%2Fcomments&post=20611"}],"version-history":[{"count":1,"href":"https:\/\/encuentroinformativo.com.mx\/index.php?rest_route=\/wp\/v2\/posts\/20611\/revisions"}],"predecessor-version":[{"id":20613,"href":"https:\/\/encuentroinformativo.com.mx\/index.php?rest_route=\/wp\/v2\/posts\/20611\/revisions\/20613"}],"wp:featuredmedia":[{"embeddable":true,"href":"https:\/\/encuentroinformativo.com.mx\/index.php?rest_route=\/wp\/v2\/media\/20612"}],"wp:attachment":[{"href":"https:\/\/encuentroinformativo.com.mx\/index.php?rest_route=%2Fwp%2Fv2%2Fmedia&parent=20611"}],"wp:term":[{"taxonomy":"category","embeddable":true,"href":"https:\/\/encuentroinformativo.com.mx\/index.php?rest_route=%2Fwp%2Fv2%2Fcategories&post=20611"},{"taxonomy":"post_tag","embeddable":true,"href":"https:\/\/encuentroinformativo.com.mx\/index.php?rest_route=%2Fwp%2Fv2%2Ftags&post=20611"}],"curies":[{"name":"wp","href":"https:\/\/api.w.org\/{rel}","templated":true}]}}