{"id":20616,"date":"2021-11-22T11:10:58","date_gmt":"2021-11-22T17:10:58","guid":{"rendered":"https:\/\/encuentroinformativo.com.mx\/?p=20616"},"modified":"2021-11-22T11:11:01","modified_gmt":"2021-11-22T17:11:01","slug":"desestima-gobernador-acusaciones-contra-ultrajes-a-la-autoridad","status":"publish","type":"post","link":"https:\/\/encuentroinformativo.com.mx\/?p=20616","title":{"rendered":"Desestima Gobernador, acusaciones contra ultrajes a la autoridad"},"content":{"rendered":"\n<p><strong>Dar\u00edo Pale<\/strong><\/p>\n\n\n\n<p>Xalapa, Ver.- Los se\u00f1alamientos que realiz\u00f3 el senador de Morena Ricardo Monreal al Poder Judical se revisar\u00e1n pero no les preocupa as\u00ed lo se\u00f1al\u00f3 el gobernador de Veracruz Cuitl\u00e1huac Garc\u00eda Jim\u00e9nez.<\/p>\n\n\n\n<p>Entrevistado posterior a la participaci\u00f3n de la destrucci\u00f3n de armas en el 63 Batall\u00f3n de Infanter\u00eda en el Lencero, coment\u00f3 que revisar\u00e1 la situaci\u00f3n de los j\u00f3venes que permanecen en prisi\u00f3n tras ser detenidos por el delito de ultrajes a la autoridad, el mandatario estatal expres\u00f3 que no le preocupa esta situaci\u00f3n, toda vez que no se est\u00e1 violando nada.<\/p>\n\n\n\n<p>&#8220;Se va a revisar, se va a revisar, no hay ning\u00fan problema, recuerden que por fortuna aqu\u00ed hay una coordinaci\u00f3n muy buena entre los \u00f3rdenes de gobierno, las instancias judiciales y la procuraci\u00f3n de justicia y se garantiza el derecho de los presuntos responsables a presentar sus pruebas, sus apelaciones&#8221;, coment\u00f3.<\/p>\n\n\n\n<p>De manera que, asegur\u00f3 que el proceso de los seis j\u00f3venes detenidos el pasado mes de septiembre en esta capital se sigue &#8220;como es&#8221;.<\/p>\n\n\n\n<p>&#8220;Aqu\u00ed no hay ninguna violaci\u00f3n que nos tenga preocupaci\u00f3n (sic), porque estamos pendientes, estamos coordinados, se hace justicia. Tampoco se va a permitir que los que son autenticamente delincuentes, se salgan con la suya&#8221;, se\u00f1al\u00f3.<\/p>\n\n\n\n<p>Por otra parte, respecto de la situaci\u00f3n de la caravana de migrantes centroamericanos, dijo que se seguir\u00e1 prestando la atenci\u00f3n humanitaria, de igual manera dijo que su administraci\u00f3n seguir\u00e1 haciendo el exhorto para que no se &#8220;enganchen&#8221; con los llamados polleros que los trasladan y luego los abandonan.<\/p>\n\n\n\n<p>Subray\u00f3 que buscan que no haya tr\u00e1fico de migrantes como se presentaban cuando los trasladaban en cajas secas de trailers, &#8220;ahora ya se ve muy disminuida, creo que ya finalmente se convencieron de que no es bueno caer en manos de esta gente que act\u00faa como polleros disfrazados y que realmente forman parte de la delincuencia&#8221;.<\/p>\n\n\n\n<p>Finalmente Garc\u00eda Jim\u00e9nez opin\u00f3 que los migrantes prefieren la ayuda humanitaria que les ofrece el Gobierno aunque por supuesto la rechazan algunos, &#8220;creo que prefieren la alternativa que les ofrece el Gobierno, algunos la rechazan, pero bueno ya es decisi\u00f3n de cada quien ya vienen menos de 260, hoy recibo el reporte de este d\u00eda&#8221;.<\/p>\n","protected":false},"excerpt":{"rendered":"<p>Dar\u00edo Pale Xalapa, Ver.- Los se\u00f1alamientos que realiz\u00f3 el senador de Morena Ricardo Monreal al Poder Judical se revisar\u00e1n pero no les preocupa as\u00ed lo se\u00f1al\u00f3 el gobernador de Veracruz Cuitl\u00e1huac Garc\u00eda Jim\u00e9nez. Entrevistado posterior a la participaci\u00f3n de la destrucci\u00f3n de armas en el 63 Batall\u00f3n de Infanter\u00eda en el Lencero, coment\u00f3 que revisar\u00e1 [&hellip;]<\/p>\n","protected":false},"author":1,"featured_media":20617,"comment_status":"open","ping_status":"open","sticky":false,"template":"","format":"standard","meta":{"_jetpack_memberships_contains_paid_content":false,"footnotes":""},"categories":[2],"tags":[],"class_list":["post-20616","post","type-post","status-publish","format-standard","has-post-thumbnail","hentry","category-estado"],"jetpack_featured_media_url":"https:\/\/encuentroinformativo.com.mx\/wp-content\/uploads\/2021\/11\/12913F19-65A0-4488-A499-37EB2321D146.jpeg","jetpack_sharing_enabled":true,"jetpack_likes_enabled":true,"amp_enabled":true,"_links":{"self":[{"href":"https:\/\/encuentroinformativo.com.mx\/index.php?rest_route=\/wp\/v2\/posts\/20616","targetHints":{"allow":["GET"]}}],"collection":[{"href":"https:\/\/encuentroinformativo.com.mx\/index.php?rest_route=\/wp\/v2\/posts"}],"about":[{"href":"https:\/\/encuentroinformativo.com.mx\/index.php?rest_route=\/wp\/v2\/types\/post"}],"author":[{"embeddable":true,"href":"https:\/\/encuentroinformativo.com.mx\/index.php?rest_route=\/wp\/v2\/users\/1"}],"replies":[{"embeddable":true,"href":"https:\/\/encuentroinformativo.com.mx\/index.php?rest_route=%2Fwp%2Fv2%2Fcomments&post=20616"}],"version-history":[{"count":1,"href":"https:\/\/encuentroinformativo.com.mx\/index.php?rest_route=\/wp\/v2\/posts\/20616\/revisions"}],"predecessor-version":[{"id":20618,"href":"https:\/\/encuentroinformativo.com.mx\/index.php?rest_route=\/wp\/v2\/posts\/20616\/revisions\/20618"}],"wp:featuredmedia":[{"embeddable":true,"href":"https:\/\/encuentroinformativo.com.mx\/index.php?rest_route=\/wp\/v2\/media\/20617"}],"wp:attachment":[{"href":"https:\/\/encuentroinformativo.com.mx\/index.php?rest_route=%2Fwp%2Fv2%2Fmedia&parent=20616"}],"wp:term":[{"taxonomy":"category","embeddable":true,"href":"https:\/\/encuentroinformativo.com.mx\/index.php?rest_route=%2Fwp%2Fv2%2Fcategories&post=20616"},{"taxonomy":"post_tag","embeddable":true,"href":"https:\/\/encuentroinformativo.com.mx\/index.php?rest_route=%2Fwp%2Fv2%2Ftags&post=20616"}],"curies":[{"name":"wp","href":"https:\/\/api.w.org\/{rel}","templated":true}]}}