{"id":20629,"date":"2021-11-22T16:35:06","date_gmt":"2021-11-22T22:35:06","guid":{"rendered":"https:\/\/encuentroinformativo.com.mx\/?p=20629"},"modified":"2021-11-22T16:35:10","modified_gmt":"2021-11-22T22:35:10","slug":"padres-mantienen-reclamos-piden-docentes-para-escuela-en-xico","status":"publish","type":"post","link":"https:\/\/encuentroinformativo.com.mx\/?p=20629","title":{"rendered":"Padres mantienen reclamos, piden docentes para escuela en Xico"},"content":{"rendered":"\n<p><strong>Juan Arcos<\/strong><\/p>\n\n\n\n<p>Xalapa, Ver.- Madres y padres de familia de la escuela primaria \u201cAdolfo L\u00f3pez Mateos\u201d, ubicada en el municipio de Xico, protestaron y tomaron el plantel para exigir a la Secretar\u00eda de Educaci\u00f3n de Veracruz (SEV) la asignaci\u00f3n de profesores.<\/p>\n\n\n\n<p>Los quejosos cerraron la entradas principales del edificio y sobre la fachada colocaron pancartas donde solicitan docentes de base para dos grupos: primero \u201cC\u201d y cuarto \u201cA\u201d.<br>\u201cEn nuestra escuela faltan maestros. \u00bfY en la tuya?\u201d, \u201cmejora de los ba\u00f1os de la escuela\u201d, y \u201cexigimos una infraestructura adecuada\u201d, se lee en algunos de sus mensajes.<\/p>\n\n\n\n<p>De acuerdo con una madre de familia, quien solicit\u00f3 el anonimato, tambi\u00e9n se exige a las autoridades educativas un presupuesto escolar para la adquisici\u00f3n de materiales did\u00e1cticos.<\/p>\n\n\n\n<p>La entrevistada se\u00f1al\u00f3 que adem\u00e1s es necesaria la reparaci\u00f3n del techo de la cancha escolar, as\u00ed como de los equipos de c\u00f3mputo.<\/p>\n\n\n\n<p>\u201cLa desatenci\u00f3n del gobierno ha llegado a tal grado que muchas escuelas no encuentren con su plantilla de maestros completa, pues al jubilarse la Secretar\u00eda de Educaci\u00f3n no env\u00eda de inmediato el recurso para atender a los grupos\u201d, enfatiz\u00f3.<\/p>\n\n\n\n<p>Los padres de familia se\u00f1alaron que tambi\u00e9n varias escuelas de la regi\u00f3n necesitan maestros y mantenimiento en su infraestructura.<\/p>\n\n\n\n<p>Por tal motivo, los inconformes anunciaron un paro indefinido de labores hasta que las autoridades educativas atiendan y resuelvan sus exigencias.<\/p>\n","protected":false},"excerpt":{"rendered":"<p>Juan Arcos Xalapa, Ver.- Madres y padres de familia de la escuela primaria \u201cAdolfo L\u00f3pez Mateos\u201d, ubicada en el municipio de Xico, protestaron y tomaron el plantel para exigir a la Secretar\u00eda de Educaci\u00f3n de Veracruz (SEV) la asignaci\u00f3n de profesores. Los quejosos cerraron la entradas principales del edificio y sobre la fachada colocaron pancartas [&hellip;]<\/p>\n","protected":false},"author":1,"featured_media":20630,"comment_status":"open","ping_status":"open","sticky":false,"template":"","format":"standard","meta":{"_jetpack_memberships_contains_paid_content":false,"footnotes":""},"categories":[8],"tags":[],"class_list":["post-20629","post","type-post","status-publish","format-standard","has-post-thumbnail","hentry","category-region"],"jetpack_featured_media_url":"https:\/\/encuentroinformativo.com.mx\/wp-content\/uploads\/2021\/11\/0367DAF0-CB3B-4CA8-BFA1-D2D85E69AD63.jpeg","jetpack_sharing_enabled":true,"jetpack_likes_enabled":true,"amp_enabled":true,"_links":{"self":[{"href":"https:\/\/encuentroinformativo.com.mx\/index.php?rest_route=\/wp\/v2\/posts\/20629","targetHints":{"allow":["GET"]}}],"collection":[{"href":"https:\/\/encuentroinformativo.com.mx\/index.php?rest_route=\/wp\/v2\/posts"}],"about":[{"href":"https:\/\/encuentroinformativo.com.mx\/index.php?rest_route=\/wp\/v2\/types\/post"}],"author":[{"embeddable":true,"href":"https:\/\/encuentroinformativo.com.mx\/index.php?rest_route=\/wp\/v2\/users\/1"}],"replies":[{"embeddable":true,"href":"https:\/\/encuentroinformativo.com.mx\/index.php?rest_route=%2Fwp%2Fv2%2Fcomments&post=20629"}],"version-history":[{"count":1,"href":"https:\/\/encuentroinformativo.com.mx\/index.php?rest_route=\/wp\/v2\/posts\/20629\/revisions"}],"predecessor-version":[{"id":20631,"href":"https:\/\/encuentroinformativo.com.mx\/index.php?rest_route=\/wp\/v2\/posts\/20629\/revisions\/20631"}],"wp:featuredmedia":[{"embeddable":true,"href":"https:\/\/encuentroinformativo.com.mx\/index.php?rest_route=\/wp\/v2\/media\/20630"}],"wp:attachment":[{"href":"https:\/\/encuentroinformativo.com.mx\/index.php?rest_route=%2Fwp%2Fv2%2Fmedia&parent=20629"}],"wp:term":[{"taxonomy":"category","embeddable":true,"href":"https:\/\/encuentroinformativo.com.mx\/index.php?rest_route=%2Fwp%2Fv2%2Fcategories&post=20629"},{"taxonomy":"post_tag","embeddable":true,"href":"https:\/\/encuentroinformativo.com.mx\/index.php?rest_route=%2Fwp%2Fv2%2Ftags&post=20629"}],"curies":[{"name":"wp","href":"https:\/\/api.w.org\/{rel}","templated":true}]}}