{"id":20632,"date":"2021-11-22T18:48:33","date_gmt":"2021-11-23T00:48:33","guid":{"rendered":"https:\/\/encuentroinformativo.com.mx\/?p=20632"},"modified":"2021-11-22T18:48:38","modified_gmt":"2021-11-23T00:48:38","slug":"nombra-congreso-a-guillermo-nunez-coordinador-de-comunicacion-social","status":"publish","type":"post","link":"https:\/\/encuentroinformativo.com.mx\/?p=20632","title":{"rendered":"Nombra Congreso a Guillermo N\u00fa\u00f1ez coordinador de Comunicaci\u00f3n Social"},"content":{"rendered":"\n<p><strong>*Agradeci\u00f3 la confianza depositada en \u00e9l y se comprometi\u00f3 a trabajar arduamente con \u00e9tica y profesionalismo.<\/strong><\/p>\n\n\n\n<p>Xalapa, Ver.- El presidente de la Junta de Coordinaci\u00f3n Pol\u00edtica (Jucopo) de la LXVI Legislatura del Estado de Veracruz, diputado Juan Javier G\u00f3mez Cazar\u00edn, entreg\u00f3, este 22 de noviembre, el nombramiento y tom\u00f3 la protesta como Coordinador de Comunicaci\u00f3n Social de este Poder al licenciado Guillermo N\u00fa\u00f1ez Huesca, a quien dese\u00f3 \u00e9xito y lo exhort\u00f3 a trabajar con profesionalismo.<\/p>\n\n\n\n<p>El licenciado Guillermo N\u00fa\u00f1ez sustituye en el cargo al licenciado Aldo Adri\u00e1n Valerio Zamudio, quien desempe\u00f1\u00f3 su funci\u00f3n durante la administraci\u00f3n de la LXV Legislatura, que comprendi\u00f3 del 5 de noviembre de 2018 al 4 de noviembre de 2021.<\/p>\n\n\n\n<p>El nuevo titular del \u00e1rea de difusi\u00f3n del Congreso agradeci\u00f3 la confianza depositada en su persona por parte de las diputadas y los diputados, sobre todo a quienes integran la Jucopo. Tambi\u00e9n, se comprometi\u00f3 a desempe\u00f1ar sus funciones con un alto sentido de responsabilidad, \u00e9tica y profesionalismo, ya que \u201cse trata de la representaci\u00f3n del pueblo veracruzano y requiere todo el esfuerzo institucional para informar a las y los ciudadanos de las actividades de sus diputados\u201d.<\/p>\n\n\n\n<p>Asimismo, se\u00f1al\u00f3 que, a partir de 2018, en el nivel nacional y en la entidad, se viven nuevos tiempos y la forma de trabajar ha cambiado. \u201cHoy estamos ante un movimiento transformador, al cual debemos sumarnos quienes, desde el servicio p\u00fablico, queremos un mejor Veracruz\u201d, manifest\u00f3.<\/p>\n\n\n\n<p>Por otra parte, anunci\u00f3 la apertura al trabajo institucional de los grupos legislativos que conforman la LXVI Legislatura y tambi\u00e9n a las diputadas y los diputados que, a la fecha, no forman bancada.<\/p>\n\n\n\n<p>Guillermo N\u00fa\u00f1ez Huesca es licenciado en Publicidad y Dise\u00f1o por la Escuela Gestalt de Dise\u00f1o. De 1997 a 2004, labor\u00f3 en el \u00e1rea de Comunicaci\u00f3n Social del Ayuntamiento de Xalapa, como encargado de dise\u00f1o e imagen.<\/p>\n\n\n\n<p>Trabaj\u00f3 en la Secretar\u00eda de Salud estatal de 2004 a 2010 en el ramo de imagen, dise\u00f1o, y relaciones p\u00fablicas y, de 2010 a 2014, realiz\u00f3 actividades de atenci\u00f3n a medios en la Unidad de Log\u00edstica de la Coordinaci\u00f3n de Comunicaci\u00f3n Social del Gobierno del Estado.<\/p>\n\n\n\n<p>De 2014 a 2015 fue titular de Comunicaci\u00f3n Social del Instituto de la Polic\u00eda Auxiliar y Protecci\u00f3n Patrimonial para el Estado de Veracruz (IPAX), y de mediados de 2015 a la fecha, encargado de Log\u00edstica en la Presidencia y posteriormente de la Coordinaci\u00f3n de Comunicaci\u00f3n Social de este H. Congreso del Estado.<\/p>\n\n\n\n<h1 class=\"wp-block-heading\"><\/h1>\n","protected":false},"excerpt":{"rendered":"<p>*Agradeci\u00f3 la confianza depositada en \u00e9l y se comprometi\u00f3 a trabajar arduamente con \u00e9tica y profesionalismo. Xalapa, Ver.- El presidente de la Junta de Coordinaci\u00f3n Pol\u00edtica (Jucopo) de la LXVI Legislatura del Estado de Veracruz, diputado Juan Javier G\u00f3mez Cazar\u00edn, entreg\u00f3, este 22 de noviembre, el nombramiento y tom\u00f3 la protesta como Coordinador de Comunicaci\u00f3n [&hellip;]<\/p>\n","protected":false},"author":1,"featured_media":20633,"comment_status":"open","ping_status":"open","sticky":false,"template":"","format":"standard","meta":{"_jetpack_memberships_contains_paid_content":false,"footnotes":""},"categories":[2],"tags":[],"class_list":["post-20632","post","type-post","status-publish","format-standard","has-post-thumbnail","hentry","category-estado"],"jetpack_featured_media_url":"https:\/\/encuentroinformativo.com.mx\/wp-content\/uploads\/2021\/11\/331E083F-7107-46C6-AE8F-9097894B0029.jpeg","jetpack_sharing_enabled":true,"jetpack_likes_enabled":true,"amp_enabled":true,"_links":{"self":[{"href":"https:\/\/encuentroinformativo.com.mx\/index.php?rest_route=\/wp\/v2\/posts\/20632","targetHints":{"allow":["GET"]}}],"collection":[{"href":"https:\/\/encuentroinformativo.com.mx\/index.php?rest_route=\/wp\/v2\/posts"}],"about":[{"href":"https:\/\/encuentroinformativo.com.mx\/index.php?rest_route=\/wp\/v2\/types\/post"}],"author":[{"embeddable":true,"href":"https:\/\/encuentroinformativo.com.mx\/index.php?rest_route=\/wp\/v2\/users\/1"}],"replies":[{"embeddable":true,"href":"https:\/\/encuentroinformativo.com.mx\/index.php?rest_route=%2Fwp%2Fv2%2Fcomments&post=20632"}],"version-history":[{"count":1,"href":"https:\/\/encuentroinformativo.com.mx\/index.php?rest_route=\/wp\/v2\/posts\/20632\/revisions"}],"predecessor-version":[{"id":20634,"href":"https:\/\/encuentroinformativo.com.mx\/index.php?rest_route=\/wp\/v2\/posts\/20632\/revisions\/20634"}],"wp:featuredmedia":[{"embeddable":true,"href":"https:\/\/encuentroinformativo.com.mx\/index.php?rest_route=\/wp\/v2\/media\/20633"}],"wp:attachment":[{"href":"https:\/\/encuentroinformativo.com.mx\/index.php?rest_route=%2Fwp%2Fv2%2Fmedia&parent=20632"}],"wp:term":[{"taxonomy":"category","embeddable":true,"href":"https:\/\/encuentroinformativo.com.mx\/index.php?rest_route=%2Fwp%2Fv2%2Fcategories&post=20632"},{"taxonomy":"post_tag","embeddable":true,"href":"https:\/\/encuentroinformativo.com.mx\/index.php?rest_route=%2Fwp%2Fv2%2Ftags&post=20632"}],"curies":[{"name":"wp","href":"https:\/\/api.w.org\/{rel}","templated":true}]}}