{"id":20635,"date":"2021-11-23T09:42:41","date_gmt":"2021-11-23T15:42:41","guid":{"rendered":"https:\/\/encuentroinformativo.com.mx\/?p=20635"},"modified":"2021-11-23T09:42:45","modified_gmt":"2021-11-23T15:42:45","slug":"papi-yunes-reaparece-y-presiona","status":"publish","type":"post","link":"https:\/\/encuentroinformativo.com.mx\/?p=20635","title":{"rendered":"PAPI YUNES REAPARECE Y PRESIONA"},"content":{"rendered":"\n<p><strong>ColumnaSinNombre<br>@pablojair<\/strong><\/p>\n\n\n\n<ul class=\"wp-block-list\"><li>Turno al bat para el secre Pepe Lima Franco.<\/li><li>El diputado G\u00f3mez Cazar\u00edn y la Reforma El\u00e9ctrica.<\/li><li>Llega Memo N\u00fa\u00f1ez al Congreso. Excelente decisi\u00f3n.<\/li><\/ul>\n\n\n\n<p>Grave lo de Los Petules en Chiapas;<br>un foco rojo para poner atenci\u00f3n<br>\u2014Chopenjawer<\/p>\n\n\n\n<p>Ahora trasciende que el exgobernador Miguel \u00c1ngel Yunes Linares &#8211;ante la falta de capacidad y operaci\u00f3n pol\u00edtica de sus hijos Miguel y Fernando&#8211; es quien estar\u00eda presionando de manera directa a magistrados, jueces y a quien se deje, para resolver los conflictos sobre la elecci\u00f3n de Veracruz y la Torre Centro.<\/p>\n\n\n\n<p>Personalmente, Yunes Linares es quien habr\u00eda estado llamando a los servidores p\u00fablicos involucrados en ambos casos y ha trascendido que las conversaciones van desde ofrecer millonarios sobornos hasta las amenazas de tener informaci\u00f3n relevante para exhibirlos.<\/p>\n\n\n\n<p>El asunto toma especial relevancia porque este viernes la Sala Regional Xalapa del Tribunal Electoral del Poder Judicial de la Federaci\u00f3n ya orden\u00f3 al Instituto Nacional Electoral (INE) para que no se haga el occiso con el tema de la fiscalizaci\u00f3n de la campa\u00f1a de la candidata Patricia Lobeira de Yunes, quien est\u00e1 se\u00f1alada de rebasar gastos.<\/p>\n\n\n\n<p>Como se recordar\u00e1, Patricia Lobeira es esposa de Miguel \u00c1ngel Yunes M\u00e1rquez, el candidato del PAN que, al no acreditar su residencia en el municipio de Veracruz le fue quitada la candidatura, por lo que decidi\u00f3 poner a su esposa como candidata, quien habr\u00eda ganado haciendo varias trampas en la elecci\u00f3n.<\/p>\n\n\n\n<p>Entre las chapuzas se\u00f1aladas se encuentran no s\u00f3lo el rebase &#8211;por mucho, seg\u00fan las evidencias&#8211; de los gastos de campa\u00f1a, especialmente cuando se realiz\u00f3 un marcha de apoyo a Yunes M\u00e1rquez luego de que le fuese retirada la candidatura; tambi\u00e9n existe la presunta participaci\u00f3n de su cu\u00f1ado, el alcalde de Veracruz, Fernando Yunes M\u00e1rquez, y de funcionarios del Ayuntamiento en la elecci\u00f3n.<\/p>\n\n\n\n<p>En este sentido, la Sala Regional Xalapa del Tribunal Electoral del Poder Judicial de la Federaci\u00f3n (TEPJF) orden\u00f3 al Instituto Nacional Electoral (INE) que emita ya la resoluci\u00f3n sobre la queja presentada por Morena en torno a fiscalizaci\u00f3n de recursos de campa\u00f1a de la candidata del PAN, Patricia Lobeira.<\/p>\n\n\n\n<p>En sesi\u00f3n no presencial, la Sala Regional Xalapa declar\u00f3 sustancialmente fundados los argumentos expuestos respecto a la omisi\u00f3n del Consejo General del INE y su Unidad T\u00e9cnica de Fiscalizaci\u00f3n para dar tr\u00e1mite y resolver las quejas contra la candidata a la presidencial municipal de Veracruz, Patricia Lobeira, postulada por la coalici\u00f3n &#8220;Veracruz Va&#8221; (conformada por los partidos PRI, PAN y PRD).<\/p>\n\n\n\n<p>En un comunicado, dicha Sala subraya: &#8220;hasta la fecha de esta ejecutor\u00eda, las autoridades responsables han sido omisas en emitir la resoluci\u00f3n correspondiente a la queja en materia de fiscalizaci\u00f3n presentada por el partido pol\u00edtico MORENA&#8221;.<\/p>\n\n\n\n<p>Luego entonces, ante la falta de padrinos pol\u00edticos en el gobierno federal que los protejan (como lo era Miguel \u00c1ngel Osorio Chong en la Presidencia de Enrique Pe\u00f1a Nieto) y ante todo un escenario en contra, quien ya entr\u00f3 al quite para arremeter a favor de sus reto\u00f1os, fue Yunes Linares.<\/p>\n\n\n\n<p>CASO TORRE<\/p>\n\n\n\n<p>Es tambi\u00e9n sabido que el mismo exgobernador tambi\u00e9n encabezar\u00eda gestiones personales para convencer a propietarios de edificios del centro hist\u00f3rico, en los alrededores de la pol\u00e9mica Torre Centro, para que les vendan sus inmuebles y as\u00ed evitar las denuncias y quejas de construcci\u00f3n.<\/p>\n\n\n\n<p>De hecho, se comenta que ya contact\u00f3 con propietarios de las viviendas afectadas por la construcci\u00f3n de la Torre para ofrecerles comprar sus casas y as\u00ed quitarse de encima las clausuras que realizan la Secretar\u00eda de Protecci\u00f3n Civil y la Procuradur\u00eda del Medio Ambiente.<\/p>\n\n\n\n<p>Lo anterior tambi\u00e9n surge por la urgencia que tienen de entregar los primeros 10 pisos a un hospital privado, que ya hizo una inversi\u00f3n considerable en equipo m\u00e9dico y compr\u00f3 esos espacios.<\/p>\n\n\n\n<p>En el puerto se dice que este nuevo hospital tendr\u00eda que ver con el Hospital Espa\u00f1ol, dirigido por Antonio Ramos De la Medina, hermano del constructor de la Torre Centro, Carlos Ramos de la Medina, y suplente del actual alcalde Fernando Yunes.<\/p>\n\n\n\n<p>Otros dicen que el tal Carlos, es mero prestanombres de los Yunes en el negocio inmobiliario.<\/p>\n\n\n\n<p>Es curioso, pues aunque Yunes Linares anda desaparecido y exiliado, pidiendo a la 4T clemencia para sus hijos, por el otro lado anda operando viendo el inminente escenario adverso de unos papanatas que sin el padre no pueden hacer las cosas bien.<\/p>\n\n\n\n<p>Dicen que es el \u00faltimo esfuerzo que hace el gobernador de los dos a\u00f1os por tratar de salvar a la \u201cfamiglia\u201d, porque en recientes meses ha estado en problemas de salud. A ver qu\u00e9 pasa.<\/p>\n\n\n\n<p><em>NOTA PARA PEGAR EN EL REFRI: <\/em>Ser\u00e1 este martes cuando le toque comparecer al secretario de Finanzas, Jos\u00e9 Luis Lima Franco, quien presentar\u00e1 seguramente el actual estado que guardan las finanzas en Veracruz. Basta mencionar que este 18 de noviembre, con base a informaci\u00f3n financiera de este a\u00f1o por parte del Gobierno de Veracruz, la firma S&amp;P Global Ratings confirm\u00f3 su calificaci\u00f3n crediticia de estable a positiva. Lo anterior significa que hay una administraci\u00f3n financiera prudente que ha mejorado la transparencia de las finanzas p\u00fablicas, y ha reducido gradualmente su pasivo contingente, con lo que ha logrado un mejor manejo de la deuda\u2026 En un comunicado, S&amp;P Global Ratings subray\u00f3: \u201cVeracruz est\u00e1 logrando mantener resultados fiscales balanceados, incluso luego de asumir gastos extraordinarios heredados de administraciones anteriores, que mejorar\u00edan gradualmente si logra consolidar el todav\u00eda lento proceso de recuperaci\u00f3n econ\u00f3mica\u201d\u2026 Y enfatiza: \u201cLa perspectiva positiva refleja nuestra opini\u00f3n de que podr\u00edamos subir la calificaci\u00f3n de Veracruz si la administraci\u00f3n financiera contin\u00faa con el gradual proceso de reducci\u00f3n de su elevado pasivo contingente, al tiempo que mantiene resultados presupuestales balanceados y contin\u00faa con buenas pr\u00e1cticas en el manejo de la deuda p\u00fablica\u201d\u2026 Sin duda, muy interesante lo que presentar\u00e1 el secretario Lima Franco este martes en el Congreso del Estado. No pierda de vista la comparecencia, porque este rubro ha sido de los que mejor ha tenido el Gobierno de Veracruz.<\/p>\n\n\n\n<p><strong>OTRA NOTA: <\/strong>Luego de mostrar en un video en sus redes sociales, la injusta realidad del pago por el consumo de energ\u00eda el\u00e9ctrica entre una tradicional tiendita de la esquina y un OXXO, el diputado local Juan Javier G\u00f3mez Cazar\u00edn exhort\u00f3 a los diputados federales a que respalden la reforma el\u00e9ctrica promovida por el presidente Andr\u00e9s Manuel L\u00f3pez Obrador\u2026 En el video se observa como el Presidente de la Junta de Coordinaci\u00f3n Pol\u00edtica del Congreso veracruzano se baja de su veh\u00edculo y llega a una tienda de Xalapa, la capital, en donde tradicionalmente realiza compras y la compara con las famosas tiendas de conveniencia: \u201cEsta es la cl\u00e1sica tienda que defiende este se\u00f1or Claudio X. Y mire, tienen hasta un cuartito aparte, ah\u00ed se ve. En ese cuartito esta tienda debe tener dos c\u00e1maras frigor\u00edficas. El de la esquina, don Pedrito, est\u00e1 pagando el kilowatts a 5.2 pesos y estos, el OXXO, a 1.7, con dos c\u00e1maras frigor\u00edficas. Todo, porque hicieron una reforma ama\u00f1ando, donde se beneficiaban ellos\u2026 Yo quiero decirles a todos los diputados federales, que en Veracruz, los diputados locales, que somos la mayor\u00eda, estamos a favor de la reforma el\u00e9ctrica y les pedimos a los diputados federales que apoyen y que respalden esta reforma que lleva como beneficio los pagos justos para todos\u2026 Les pedimos a los senadores que les apoyen. A ver si este mensaje le llega al senador Julen. Que entienda que es por el pueblo, que no es por una ideolog\u00eda pol\u00edtica, que no es porque nosotros. Lo que queremos es que se pague lo justo y que todos tengan el mismo pago\u201d.<\/p>\n\n\n\n<p><strong>LA \u00daLTIMA PORQUE FUE VIAJE MUY CANSADO:<\/strong> Muy buena decisi\u00f3n la de nombrar a Guillermo N\u00fa\u00f1ez como titular del \u00e1rea de Comunicaci\u00f3n Social del Congreso del Estado. Tiene muy buena relaci\u00f3n con los medios y bastante experiencia en el ramo, por lo que seguramente har\u00e1 un excelente papel el famoso \u201cTurbo Man\u201d. Enhorabuena.<\/p>\n","protected":false},"excerpt":{"rendered":"<p>ColumnaSinNombre@pablojair Turno al bat para el secre Pepe Lima Franco. El diputado G\u00f3mez Cazar\u00edn y la Reforma El\u00e9ctrica. Llega Memo N\u00fa\u00f1ez al Congreso. Excelente decisi\u00f3n. Grave lo de Los Petules en Chiapas;un foco rojo para poner atenci\u00f3n\u2014Chopenjawer Ahora trasciende que el exgobernador Miguel \u00c1ngel Yunes Linares &#8211;ante la falta de capacidad y operaci\u00f3n pol\u00edtica de [&hellip;]<\/p>\n","protected":false},"author":1,"featured_media":488,"comment_status":"open","ping_status":"open","sticky":false,"template":"","format":"standard","meta":{"_jetpack_memberships_contains_paid_content":false,"footnotes":""},"categories":[11],"tags":[],"class_list":["post-20635","post","type-post","status-publish","format-standard","has-post-thumbnail","hentry","category-opinion"],"jetpack_featured_media_url":"https:\/\/encuentroinformativo.com.mx\/wp-content\/uploads\/2020\/03\/F471F608-BA1A-416B-BA7B-BCFB24F4E6D0.jpeg","jetpack_sharing_enabled":true,"jetpack_likes_enabled":true,"amp_enabled":true,"_links":{"self":[{"href":"https:\/\/encuentroinformativo.com.mx\/index.php?rest_route=\/wp\/v2\/posts\/20635","targetHints":{"allow":["GET"]}}],"collection":[{"href":"https:\/\/encuentroinformativo.com.mx\/index.php?rest_route=\/wp\/v2\/posts"}],"about":[{"href":"https:\/\/encuentroinformativo.com.mx\/index.php?rest_route=\/wp\/v2\/types\/post"}],"author":[{"embeddable":true,"href":"https:\/\/encuentroinformativo.com.mx\/index.php?rest_route=\/wp\/v2\/users\/1"}],"replies":[{"embeddable":true,"href":"https:\/\/encuentroinformativo.com.mx\/index.php?rest_route=%2Fwp%2Fv2%2Fcomments&post=20635"}],"version-history":[{"count":1,"href":"https:\/\/encuentroinformativo.com.mx\/index.php?rest_route=\/wp\/v2\/posts\/20635\/revisions"}],"predecessor-version":[{"id":20636,"href":"https:\/\/encuentroinformativo.com.mx\/index.php?rest_route=\/wp\/v2\/posts\/20635\/revisions\/20636"}],"wp:featuredmedia":[{"embeddable":true,"href":"https:\/\/encuentroinformativo.com.mx\/index.php?rest_route=\/wp\/v2\/media\/488"}],"wp:attachment":[{"href":"https:\/\/encuentroinformativo.com.mx\/index.php?rest_route=%2Fwp%2Fv2%2Fmedia&parent=20635"}],"wp:term":[{"taxonomy":"category","embeddable":true,"href":"https:\/\/encuentroinformativo.com.mx\/index.php?rest_route=%2Fwp%2Fv2%2Fcategories&post=20635"},{"taxonomy":"post_tag","embeddable":true,"href":"https:\/\/encuentroinformativo.com.mx\/index.php?rest_route=%2Fwp%2Fv2%2Ftags&post=20635"}],"curies":[{"name":"wp","href":"https:\/\/api.w.org\/{rel}","templated":true}]}}