{"id":20645,"date":"2021-11-23T13:44:30","date_gmt":"2021-11-23T19:44:30","guid":{"rendered":"https:\/\/encuentroinformativo.com.mx\/?p=20645"},"modified":"2021-11-23T13:44:33","modified_gmt":"2021-11-23T19:44:33","slug":"pt-se-pronuncia-por-modificar-delito-de-ultrajes-a-la-autoridad","status":"publish","type":"post","link":"https:\/\/encuentroinformativo.com.mx\/?p=20645","title":{"rendered":"PT se pronuncia por modificar delito de ultrajes a la autoridad"},"content":{"rendered":"\n<p><strong>Juan Arcos<\/strong><\/p>\n\n\n\n<p>Xalapa, Ver.- El coordinador estatal del Partido del Trabajo (PT), Vicente Aguilar Aguilar, pidi\u00f3 al Congreso del Estado que reforme el C\u00f3digo Penal a fin de que la sanci\u00f3n por el delito de ultrajes a la autoridad se modifique y no incluya \u201cc\u00e1rcel oficiosa\u201d como medida cautelar.<\/p>\n\n\n\n<p>En conferencia de prensa, realizada en la sede del partido, consider\u00f3 que ha resultado un exceso el uso de tal sanci\u00f3n al grado que, en la mayor\u00eda de los casos, la autoridad supuestamente agraviada no ha podido demostrarlo.<\/p>\n\n\n\n<p>El l\u00edder petista se\u00f1al\u00f3 que la sanci\u00f3n mencionada es considerada un atentando a los derechos humanos ya que la presunci\u00f3n de inocencia se violenta.<\/p>\n\n\n\n<p>Cabe recordar que los polic\u00edas han sido se\u00f1alados de cometer abusos contra la poblaci\u00f3n, escud\u00e1ndose en el delito de \u201cultrajes a la autoridad\u201d.<\/p>\n\n\n\n<p>Por otra parte, Vicente Aguilar reconoci\u00f3 el esfuerzo efectuado por el gobernador Cuitl\u00e1huac Garc\u00eda Jim\u00e9nez en relaci\u00f3n a su tercer informe de labores.<\/p>\n\n\n\n<p>A\u00f1adi\u00f3 que el PT asumir\u00e1 una posici\u00f3n responsable al emitir su posicionamiento en cuanto a los resultados alcanzados, as\u00ed como a demandar el cumplimiento de promesas y acuerdos realizados por el Ejecutivo con la ciudadan\u00eda.<\/p>\n\n\n\n<p>\u201cLo anterior, en virtud de haber se\u00f1alado incumplimientos de algunos integrantes de su gabinete. Reconoceremos a los cumplidos y reprobaremos a los irresponsables\u201d, enfatiz\u00f3.<\/p>\n","protected":false},"excerpt":{"rendered":"<p>Juan Arcos Xalapa, Ver.- El coordinador estatal del Partido del Trabajo (PT), Vicente Aguilar Aguilar, pidi\u00f3 al Congreso del Estado que reforme el C\u00f3digo Penal a fin de que la sanci\u00f3n por el delito de ultrajes a la autoridad se modifique y no incluya \u201cc\u00e1rcel oficiosa\u201d como medida cautelar. En conferencia de prensa, realizada en [&hellip;]<\/p>\n","protected":false},"author":1,"featured_media":20646,"comment_status":"open","ping_status":"open","sticky":false,"template":"","format":"standard","meta":{"_jetpack_memberships_contains_paid_content":false,"footnotes":""},"categories":[3],"tags":[],"class_list":["post-20645","post","type-post","status-publish","format-standard","has-post-thumbnail","hentry","category-xalapa"],"jetpack_featured_media_url":"https:\/\/encuentroinformativo.com.mx\/wp-content\/uploads\/2021\/11\/1E3F46ED-156C-4163-BF25-10D527530FCC.jpeg","jetpack_sharing_enabled":true,"jetpack_likes_enabled":true,"amp_enabled":true,"_links":{"self":[{"href":"https:\/\/encuentroinformativo.com.mx\/index.php?rest_route=\/wp\/v2\/posts\/20645","targetHints":{"allow":["GET"]}}],"collection":[{"href":"https:\/\/encuentroinformativo.com.mx\/index.php?rest_route=\/wp\/v2\/posts"}],"about":[{"href":"https:\/\/encuentroinformativo.com.mx\/index.php?rest_route=\/wp\/v2\/types\/post"}],"author":[{"embeddable":true,"href":"https:\/\/encuentroinformativo.com.mx\/index.php?rest_route=\/wp\/v2\/users\/1"}],"replies":[{"embeddable":true,"href":"https:\/\/encuentroinformativo.com.mx\/index.php?rest_route=%2Fwp%2Fv2%2Fcomments&post=20645"}],"version-history":[{"count":1,"href":"https:\/\/encuentroinformativo.com.mx\/index.php?rest_route=\/wp\/v2\/posts\/20645\/revisions"}],"predecessor-version":[{"id":20647,"href":"https:\/\/encuentroinformativo.com.mx\/index.php?rest_route=\/wp\/v2\/posts\/20645\/revisions\/20647"}],"wp:featuredmedia":[{"embeddable":true,"href":"https:\/\/encuentroinformativo.com.mx\/index.php?rest_route=\/wp\/v2\/media\/20646"}],"wp:attachment":[{"href":"https:\/\/encuentroinformativo.com.mx\/index.php?rest_route=%2Fwp%2Fv2%2Fmedia&parent=20645"}],"wp:term":[{"taxonomy":"category","embeddable":true,"href":"https:\/\/encuentroinformativo.com.mx\/index.php?rest_route=%2Fwp%2Fv2%2Fcategories&post=20645"},{"taxonomy":"post_tag","embeddable":true,"href":"https:\/\/encuentroinformativo.com.mx\/index.php?rest_route=%2Fwp%2Fv2%2Ftags&post=20645"}],"curies":[{"name":"wp","href":"https:\/\/api.w.org\/{rel}","templated":true}]}}