{"id":20662,"date":"2021-11-23T15:58:46","date_gmt":"2021-11-23T21:58:46","guid":{"rendered":"https:\/\/encuentroinformativo.com.mx\/?p=20662"},"modified":"2021-11-23T15:58:49","modified_gmt":"2021-11-23T21:58:49","slug":"sigue-tomada-primaria-de-xico","status":"publish","type":"post","link":"https:\/\/encuentroinformativo.com.mx\/?p=20662","title":{"rendered":"Sigue tomada primaria de Xico"},"content":{"rendered":"\n<p><strong>Dar\u00edo Pale<\/strong><\/p>\n\n\n\n<p>Xalapa, Ver.- Desde el d\u00eda de ayer el Comit\u00e9 de Lucha de Padres de Familia de la Primaria &#8220;Adolfo L\u00f3pez Mateos&#8221; tomaron las instalaciones de la escuela, solicitan la intervenci\u00f3n del gobernador Cuitl\u00e1huac Garc\u00eda Jim\u00e9nez ya que demandan docentes por parte de la Secretar\u00eda de Educaci\u00f3n de Veracruz (SEV).<\/p>\n\n\n\n<p>En entrevista se\u00f1alaron que debido a la desatenci\u00f3n por parte del titular de la secretar\u00eda de educaci\u00f3n de Veracruz, Zenyanzen Escobar muchas escuelas no cuentan con su plantilla completa de maestros, pues al jubilarse o incapacitarse, la SEV no env\u00eda en lo inmediato el recurso para atender a los grupos, justific\u00e1ndose en largos tr\u00e1mites para poder asignar plazas bases a nuevos maestros que atiendan los lugares que se requieren.<\/p>\n\n\n\n<p>Se\u00f1alaron que los problemas que esto ocasiona afecta directamente a los alumnos, al entorpecer su proceso de aprendizaje, esta situaci\u00f3n se ha hecho evidente en escuelas del municipio de Xico, como en el caso de la Primaria Federal &#8220;Nicol\u00e1s Bravo&#8221; y nuestra Escuela Primaria Matutina &#8220;Adolfo L\u00f3pez Mateos&#8221; pertenecientes a la zona escolar 173, ubicadas en la cabecera municipal, al igual que en otros planteles de la regi\u00f3n.<\/p>\n\n\n\n<p>La falta de maestros por meses e incluso a\u00f1os ha demostrado que hay o\u00eddos sordos del gobierno estatal y el \u00fanico medio que le queda al pueblo es la movilizaci\u00f3n.<\/p>\n\n\n\n<p>&#8220;Es por ello que agotadas las instancias, nosotros los padres de familia de alumnos que acuden a la Escuela Primaria Matutina Federal Adolfo L\u00f3pez Mateos, realizamos la toma de instalaciones del plantel educativo en exigencia de la inmediata asignaci\u00f3n de maestros de plaza base para los grupos de 1ro. C y 4\u00b0 A., \u00a0garantizar la infraestructura adecuada a nuestra escuela como lo manda la Ley&#8221;, se\u00f1alaron.<\/p>\n\n\n\n<p>&#8220;Que se destine un presupuesto escolar y se dispongan de todos los recursos que atiendan las necesidades de nuestra escuela para evitar asi el cobro de cuotas escolares&#8221;, agreg\u00f3.<\/p>\n\n\n\n<p>Sabedores de que esta situaci\u00f3n es una afectaci\u00f3n general en todas las escuelas del Pa\u00eds y del Estado, hicieron el llamado a la solidaridad de padres de familia, maestros, estudiantes, organizaciones en lucha y al pueblo en general a que se pronuncien y realicen acciones en defensa de la educaci\u00f3n.<\/p>\n\n\n\n<p>Finalmente comentaron que, &#8220;hacemos un llamado al gobernador del estado, Cuitl\u00e1huac Garc\u00eda Jim\u00e9nez, para que por medio de su intervenci\u00f3n ante el titular de la SEV, Zenyanzen Escobar, para que se asignen docentes a los grupos antes mencionados, as\u00ed como de la infraestructura necesaria para poder retornar a clases presenciales, concluyeron&#8221;.<\/p>\n","protected":false},"excerpt":{"rendered":"<p>Dar\u00edo Pale Xalapa, Ver.- Desde el d\u00eda de ayer el Comit\u00e9 de Lucha de Padres de Familia de la Primaria &#8220;Adolfo L\u00f3pez Mateos&#8221; tomaron las instalaciones de la escuela, solicitan la intervenci\u00f3n del gobernador Cuitl\u00e1huac Garc\u00eda Jim\u00e9nez ya que demandan docentes por parte de la Secretar\u00eda de Educaci\u00f3n de Veracruz (SEV). En entrevista se\u00f1alaron que [&hellip;]<\/p>\n","protected":false},"author":1,"featured_media":20663,"comment_status":"open","ping_status":"open","sticky":false,"template":"","format":"standard","meta":{"_jetpack_memberships_contains_paid_content":false,"footnotes":""},"categories":[8],"tags":[],"class_list":["post-20662","post","type-post","status-publish","format-standard","has-post-thumbnail","hentry","category-region"],"jetpack_featured_media_url":"https:\/\/encuentroinformativo.com.mx\/wp-content\/uploads\/2021\/11\/62963845-F0C6-4CDC-941F-EB16E15AFA93.jpeg","jetpack_sharing_enabled":true,"jetpack_likes_enabled":true,"amp_enabled":true,"_links":{"self":[{"href":"https:\/\/encuentroinformativo.com.mx\/index.php?rest_route=\/wp\/v2\/posts\/20662","targetHints":{"allow":["GET"]}}],"collection":[{"href":"https:\/\/encuentroinformativo.com.mx\/index.php?rest_route=\/wp\/v2\/posts"}],"about":[{"href":"https:\/\/encuentroinformativo.com.mx\/index.php?rest_route=\/wp\/v2\/types\/post"}],"author":[{"embeddable":true,"href":"https:\/\/encuentroinformativo.com.mx\/index.php?rest_route=\/wp\/v2\/users\/1"}],"replies":[{"embeddable":true,"href":"https:\/\/encuentroinformativo.com.mx\/index.php?rest_route=%2Fwp%2Fv2%2Fcomments&post=20662"}],"version-history":[{"count":1,"href":"https:\/\/encuentroinformativo.com.mx\/index.php?rest_route=\/wp\/v2\/posts\/20662\/revisions"}],"predecessor-version":[{"id":20664,"href":"https:\/\/encuentroinformativo.com.mx\/index.php?rest_route=\/wp\/v2\/posts\/20662\/revisions\/20664"}],"wp:featuredmedia":[{"embeddable":true,"href":"https:\/\/encuentroinformativo.com.mx\/index.php?rest_route=\/wp\/v2\/media\/20663"}],"wp:attachment":[{"href":"https:\/\/encuentroinformativo.com.mx\/index.php?rest_route=%2Fwp%2Fv2%2Fmedia&parent=20662"}],"wp:term":[{"taxonomy":"category","embeddable":true,"href":"https:\/\/encuentroinformativo.com.mx\/index.php?rest_route=%2Fwp%2Fv2%2Fcategories&post=20662"},{"taxonomy":"post_tag","embeddable":true,"href":"https:\/\/encuentroinformativo.com.mx\/index.php?rest_route=%2Fwp%2Fv2%2Ftags&post=20662"}],"curies":[{"name":"wp","href":"https:\/\/api.w.org\/{rel}","templated":true}]}}