{"id":20665,"date":"2021-11-23T16:05:16","date_gmt":"2021-11-23T22:05:16","guid":{"rendered":"https:\/\/encuentroinformativo.com.mx\/?p=20665"},"modified":"2021-11-23T16:05:20","modified_gmt":"2021-11-23T22:05:20","slug":"confia-alcalde-no-repunte-nueva-ola-de-covid","status":"publish","type":"post","link":"https:\/\/encuentroinformativo.com.mx\/?p=20665","title":{"rendered":"Conf\u00eda alcalde no repunte nueva ola de Covid"},"content":{"rendered":"\n<p><strong>Dar\u00edo Pale<\/strong><\/p>\n\n\n\n<p>Xalapa, Ver.- El alcalde de Xalapa Hip\u00f3lito Rodr\u00edguez Herrero dio a conocer que pese a que se incremente la actividad comercial y social en los pr\u00f3ximos d\u00edas por las fiestas de fin de a\u00f1o, el presidente conf\u00eda en que la vacunaci\u00f3n contra COVID-19 a la mayor parte de la poblaci\u00f3n de esta ciudad evite que una cuarta ola de coronavirus afecte severamente y genere que nuevamente se apliquen restricciones.<\/p>\n\n\n\n<p>Entrevistado sobre las actividades comerciales, art\u00edsticas y culturales que se llevaron a cabo en esta capital el fin de semana pasado con motivo del Primer Festival Internacional Xalapa y su Cultura, enfatiz\u00f3 la importancia de que se sigan realizando bajo la alianza con el Gobierno estatal y la Universidad Veracruzana para posicionar a\u00fan m\u00e1s a la ciudad en materia tur\u00edstica.<\/p>\n\n\n\n<p>Lo anterior es con el concepto de la cultura y especialmente de la m\u00fasica, pero subray\u00f3 que \u00a0la poblaci\u00f3n debe mantener a los cuidados sanitarios como el uso de cubrebocas y la sana distancia.<\/p>\n\n\n\n<p>&#8220;En Europa hay un repunte del contagio. Hay que decir que nuestra ciudad en particular, la tasa de vacunaci\u00f3n fue muy alta y eso nos va a ayudar a que no nos pegue esta ola de forma tan significativa. De cualquier manera, todos tenemos que seguir usando el cubrebocas, todos debemos seguir tomando las precauciones que nos marca el sector salud, pero yo conf\u00edo que el hecho de que aqu\u00ed en particular la tasa de vacunaci\u00f3n haya sido alta, nos va a proteger&#8221;, se\u00f1al\u00f3.<\/p>\n\n\n\n<p>En cuanto a la actividad comercial proyectada durante la temporada decembrina, dijo que autoridades municipales y comerciantes han tenido reuniones para definir los espacios de venta de temporada, siempre y cuando se hagan de manera ordenada y sin trastornar la movilidad cotidiana de la poblaci\u00f3n.<\/p>\n\n\n\n<p>\u201cSon acuerdos que cada a\u00f1o en estas fechas se llevan a cabo, para que pueda realmente el ciudadano contar con este tipo de mercados donde se venden juguetes y mercanc\u00edas propias de esta \u00e9poca, pero que no afecten la movilidad de la poblaci\u00f3n\u201d, coment\u00f3.<\/p>\n\n\n\n<p>Finalmente dio a conocer que hasta ahora se prev\u00e9 la instalaci\u00f3n de la Feria del Juguete en las instalaciones del Deportivo Ferrocarrilero y la venta de comida y artesan\u00edas en las inmediaciones del Santuario de la Bas\u00edlica Menor de El Dique con motivo de la celebraci\u00f3n guadalupana.<\/p>\n","protected":false},"excerpt":{"rendered":"<p>Dar\u00edo Pale Xalapa, Ver.- El alcalde de Xalapa Hip\u00f3lito Rodr\u00edguez Herrero dio a conocer que pese a que se incremente la actividad comercial y social en los pr\u00f3ximos d\u00edas por las fiestas de fin de a\u00f1o, el presidente conf\u00eda en que la vacunaci\u00f3n contra COVID-19 a la mayor parte de la poblaci\u00f3n de esta ciudad [&hellip;]<\/p>\n","protected":false},"author":1,"featured_media":20666,"comment_status":"open","ping_status":"open","sticky":false,"template":"","format":"standard","meta":{"_jetpack_memberships_contains_paid_content":false,"footnotes":""},"categories":[3],"tags":[],"class_list":["post-20665","post","type-post","status-publish","format-standard","has-post-thumbnail","hentry","category-xalapa"],"jetpack_featured_media_url":"https:\/\/encuentroinformativo.com.mx\/wp-content\/uploads\/2021\/11\/74D69D4A-271E-4121-8CD5-7D268E2B5433.jpeg","jetpack_sharing_enabled":true,"jetpack_likes_enabled":true,"amp_enabled":true,"_links":{"self":[{"href":"https:\/\/encuentroinformativo.com.mx\/index.php?rest_route=\/wp\/v2\/posts\/20665","targetHints":{"allow":["GET"]}}],"collection":[{"href":"https:\/\/encuentroinformativo.com.mx\/index.php?rest_route=\/wp\/v2\/posts"}],"about":[{"href":"https:\/\/encuentroinformativo.com.mx\/index.php?rest_route=\/wp\/v2\/types\/post"}],"author":[{"embeddable":true,"href":"https:\/\/encuentroinformativo.com.mx\/index.php?rest_route=\/wp\/v2\/users\/1"}],"replies":[{"embeddable":true,"href":"https:\/\/encuentroinformativo.com.mx\/index.php?rest_route=%2Fwp%2Fv2%2Fcomments&post=20665"}],"version-history":[{"count":1,"href":"https:\/\/encuentroinformativo.com.mx\/index.php?rest_route=\/wp\/v2\/posts\/20665\/revisions"}],"predecessor-version":[{"id":20667,"href":"https:\/\/encuentroinformativo.com.mx\/index.php?rest_route=\/wp\/v2\/posts\/20665\/revisions\/20667"}],"wp:featuredmedia":[{"embeddable":true,"href":"https:\/\/encuentroinformativo.com.mx\/index.php?rest_route=\/wp\/v2\/media\/20666"}],"wp:attachment":[{"href":"https:\/\/encuentroinformativo.com.mx\/index.php?rest_route=%2Fwp%2Fv2%2Fmedia&parent=20665"}],"wp:term":[{"taxonomy":"category","embeddable":true,"href":"https:\/\/encuentroinformativo.com.mx\/index.php?rest_route=%2Fwp%2Fv2%2Fcategories&post=20665"},{"taxonomy":"post_tag","embeddable":true,"href":"https:\/\/encuentroinformativo.com.mx\/index.php?rest_route=%2Fwp%2Fv2%2Ftags&post=20665"}],"curies":[{"name":"wp","href":"https:\/\/api.w.org\/{rel}","templated":true}]}}