{"id":2067,"date":"2020-04-23T14:28:37","date_gmt":"2020-04-23T19:28:37","guid":{"rendered":"https:\/\/encuentroinformativo.com\/?p=2067"},"modified":"2020-04-23T14:28:39","modified_gmt":"2020-04-23T19:28:39","slug":"a-falta-de-trabajo-fotografos-sociales-demandan-apoyo-de-gobierno","status":"publish","type":"post","link":"https:\/\/encuentroinformativo.com.mx\/?p=2067","title":{"rendered":"A falta de trabajo, fot\u00f3grafos sociales demandan apoyo de gobierno"},"content":{"rendered":"\n<p><strong>Juan Arcos <\/strong><\/p>\n\n\n\n<p>Xalapa, Ver.- Decenas de fot\u00f3grafos protestaron en Plaza Sebasti\u00e1n Lerdo de Tejada para exigir un apoyo econ\u00f3mico al gobierno para hacer frente a la contingencia sanitaria por coronavirus.<\/p>\n\n\n\n<p>De acuerdo con Agust\u00edn Castillo D\u00edaz, uno de los afectados, se han quedado sin empleo y sin el sustento para sus familias.<\/p>\n\n\n\n<p>Su trabajo se ha visto interrumpido por la cancelaci\u00f3n de eventos en iglesias, escuelas y fiestas.<\/p>\n\n\n\n<p>Se trata de unos 250 fot\u00f3grafos afectados en la capital del estado por dicha situaci\u00f3n.<\/p>\n\n\n\n<p>\u201cEstamos desesperados, buscamos un apoyo, no sabemos cu\u00e1ndo se va a reanudar nuestras labores\u201d.<\/p>\n\n\n\n<p>El entrevistado detall\u00f3 que el 14 y 21 de marzo fueron \u00faltimos d\u00edas que pudieron trabajar.<\/p>\n\n\n\n<p>\u201cDespu\u00e9s se ven\u00eda Semana Santa, es una temporada muy baja porque no hay eventos, las iglesias cierran para celebrar \u00fanicamente la pasi\u00f3n de Cristo\u201d.<\/p>\n\n\n\n<p>Castillo D\u00edaz record\u00f3 que en Xalapa hay ocho agrupaciones de fot\u00f3grafos.<\/p>\n\n\n\n<p>\u201cPara nosotros esta contingencia nos quit\u00f3 festivales de primavera que son antes de salir de vacaciones, algunas graduaciones que son en marzo y abril, algunas carreras, el desfile del primero de mayo, desfile del cinco de mayo, el D\u00eda del maestro, no habr\u00e1 festejos, no habr\u00e1 fiestas de fin de cursos\u201d, culmin\u00f3.<\/p>\n","protected":false},"excerpt":{"rendered":"<p>Juan Arcos Xalapa, Ver.- Decenas de fot\u00f3grafos protestaron en Plaza Sebasti\u00e1n Lerdo de Tejada para exigir un apoyo econ\u00f3mico al gobierno para hacer frente a la contingencia sanitaria por coronavirus. De acuerdo con Agust\u00edn Castillo D\u00edaz, uno de los afectados, se han quedado sin empleo y sin el sustento para sus familias. Su trabajo se [&hellip;]<\/p>\n","protected":false},"author":1,"featured_media":2068,"comment_status":"open","ping_status":"open","sticky":false,"template":"","format":"standard","meta":{"_jetpack_memberships_contains_paid_content":false,"footnotes":""},"categories":[3],"tags":[],"class_list":["post-2067","post","type-post","status-publish","format-standard","has-post-thumbnail","hentry","category-xalapa"],"jetpack_featured_media_url":"https:\/\/encuentroinformativo.com.mx\/wp-content\/uploads\/2020\/04\/FF588FD2-80CE-481E-882B-D910E948FC5C.jpeg","jetpack_sharing_enabled":true,"jetpack_likes_enabled":true,"amp_enabled":true,"_links":{"self":[{"href":"https:\/\/encuentroinformativo.com.mx\/index.php?rest_route=\/wp\/v2\/posts\/2067","targetHints":{"allow":["GET"]}}],"collection":[{"href":"https:\/\/encuentroinformativo.com.mx\/index.php?rest_route=\/wp\/v2\/posts"}],"about":[{"href":"https:\/\/encuentroinformativo.com.mx\/index.php?rest_route=\/wp\/v2\/types\/post"}],"author":[{"embeddable":true,"href":"https:\/\/encuentroinformativo.com.mx\/index.php?rest_route=\/wp\/v2\/users\/1"}],"replies":[{"embeddable":true,"href":"https:\/\/encuentroinformativo.com.mx\/index.php?rest_route=%2Fwp%2Fv2%2Fcomments&post=2067"}],"version-history":[{"count":1,"href":"https:\/\/encuentroinformativo.com.mx\/index.php?rest_route=\/wp\/v2\/posts\/2067\/revisions"}],"predecessor-version":[{"id":2069,"href":"https:\/\/encuentroinformativo.com.mx\/index.php?rest_route=\/wp\/v2\/posts\/2067\/revisions\/2069"}],"wp:featuredmedia":[{"embeddable":true,"href":"https:\/\/encuentroinformativo.com.mx\/index.php?rest_route=\/wp\/v2\/media\/2068"}],"wp:attachment":[{"href":"https:\/\/encuentroinformativo.com.mx\/index.php?rest_route=%2Fwp%2Fv2%2Fmedia&parent=2067"}],"wp:term":[{"taxonomy":"category","embeddable":true,"href":"https:\/\/encuentroinformativo.com.mx\/index.php?rest_route=%2Fwp%2Fv2%2Fcategories&post=2067"},{"taxonomy":"post_tag","embeddable":true,"href":"https:\/\/encuentroinformativo.com.mx\/index.php?rest_route=%2Fwp%2Fv2%2Ftags&post=2067"}],"curies":[{"name":"wp","href":"https:\/\/api.w.org\/{rel}","templated":true}]}}