{"id":20681,"date":"2021-11-23T17:13:17","date_gmt":"2021-11-23T23:13:17","guid":{"rendered":"https:\/\/encuentroinformativo.com.mx\/?p=20681"},"modified":"2021-11-23T17:13:20","modified_gmt":"2021-11-23T23:13:20","slug":"promueven-aplicacion-mujer-alerta-en-zona-conurbada","status":"publish","type":"post","link":"https:\/\/encuentroinformativo.com.mx\/?p=20681","title":{"rendered":"Promueven aplicaci\u00f3n Mujer Alerta en zona conurbada"},"content":{"rendered":"\n<p><strong>Alejandro \u00c1vila<\/strong><\/p>\n\n\n\n<p>Boca del R\u00edo, Ver.- Con la finalidad de reducir los \u00edndices de violencia contra la mujer en el transporte p\u00fablico, se lanz\u00f3 la aplicaci\u00f3n &#8220;Veracruz Mujer Alerta&#8221;, misma que se realiz\u00f3 en conjunto con la Secretar\u00eda de Seguridad, inform\u00f3 \u00c1ngel Carsolio Hern\u00e1ndez, delegado de Transporte P\u00fablico en la zona conurbada Veracruz &#8211; Boca del R\u00edo.<\/p>\n\n\n\n<p>La herramienta virtual, se dijo, cuenta con un bot\u00f3n para que la pasajera que se encuentre en peligro pueda generar una alerta en caso de situaci\u00f3n de violencia.&nbsp;<\/p>\n\n\n\n<p>La solicitud se enlazar\u00e1 directamente con el C5, cuyo personal atender\u00e1n el llamado, ubicar\u00e1 a la v\u00edctima y le enviar\u00e1 una patrulla para auxiliarla.<\/p>\n\n\n\n<p>Este martes se llev\u00f3 a cabo un evento en el bulevar &#8220;Vicente Fox&#8221; de Boca del R\u00edo, con el fin de promover el uso de la aplicaci\u00f3n, por lo que fueron colocadas calcoman\u00edas informativas en taxis de la zona conurbada Veracruz &#8211; Boca del R\u00edo.<\/p>\n\n\n\n<p>Para el uso de \u201cVeracruz, Mujer Alerta\u201d, se requieren conexi\u00f3n a datos m\u00f3viles y geolocalizaci\u00f3n.<\/p>\n","protected":false},"excerpt":{"rendered":"<p>Alejandro \u00c1vila Boca del R\u00edo, Ver.- Con la finalidad de reducir los \u00edndices de violencia contra la mujer en el transporte p\u00fablico, se lanz\u00f3 la aplicaci\u00f3n &#8220;Veracruz Mujer Alerta&#8221;, misma que se realiz\u00f3 en conjunto con la Secretar\u00eda de Seguridad, inform\u00f3 \u00c1ngel Carsolio Hern\u00e1ndez, delegado de Transporte P\u00fablico en la zona conurbada Veracruz &#8211; Boca [&hellip;]<\/p>\n","protected":false},"author":1,"featured_media":20682,"comment_status":"open","ping_status":"open","sticky":false,"template":"","format":"standard","meta":{"_jetpack_memberships_contains_paid_content":false,"footnotes":""},"categories":[2],"tags":[],"class_list":["post-20681","post","type-post","status-publish","format-standard","has-post-thumbnail","hentry","category-estado"],"jetpack_featured_media_url":"https:\/\/encuentroinformativo.com.mx\/wp-content\/uploads\/2021\/11\/E55DC9E9-601B-4E34-9FED-21525BDA9368.jpeg","jetpack_sharing_enabled":true,"jetpack_likes_enabled":true,"amp_enabled":true,"_links":{"self":[{"href":"https:\/\/encuentroinformativo.com.mx\/index.php?rest_route=\/wp\/v2\/posts\/20681","targetHints":{"allow":["GET"]}}],"collection":[{"href":"https:\/\/encuentroinformativo.com.mx\/index.php?rest_route=\/wp\/v2\/posts"}],"about":[{"href":"https:\/\/encuentroinformativo.com.mx\/index.php?rest_route=\/wp\/v2\/types\/post"}],"author":[{"embeddable":true,"href":"https:\/\/encuentroinformativo.com.mx\/index.php?rest_route=\/wp\/v2\/users\/1"}],"replies":[{"embeddable":true,"href":"https:\/\/encuentroinformativo.com.mx\/index.php?rest_route=%2Fwp%2Fv2%2Fcomments&post=20681"}],"version-history":[{"count":1,"href":"https:\/\/encuentroinformativo.com.mx\/index.php?rest_route=\/wp\/v2\/posts\/20681\/revisions"}],"predecessor-version":[{"id":20683,"href":"https:\/\/encuentroinformativo.com.mx\/index.php?rest_route=\/wp\/v2\/posts\/20681\/revisions\/20683"}],"wp:featuredmedia":[{"embeddable":true,"href":"https:\/\/encuentroinformativo.com.mx\/index.php?rest_route=\/wp\/v2\/media\/20682"}],"wp:attachment":[{"href":"https:\/\/encuentroinformativo.com.mx\/index.php?rest_route=%2Fwp%2Fv2%2Fmedia&parent=20681"}],"wp:term":[{"taxonomy":"category","embeddable":true,"href":"https:\/\/encuentroinformativo.com.mx\/index.php?rest_route=%2Fwp%2Fv2%2Fcategories&post=20681"},{"taxonomy":"post_tag","embeddable":true,"href":"https:\/\/encuentroinformativo.com.mx\/index.php?rest_route=%2Fwp%2Fv2%2Ftags&post=20681"}],"curies":[{"name":"wp","href":"https:\/\/api.w.org\/{rel}","templated":true}]}}