{"id":20687,"date":"2021-11-24T09:15:22","date_gmt":"2021-11-24T15:15:22","guid":{"rendered":"https:\/\/encuentroinformativo.com.mx\/?p=20687"},"modified":"2021-11-24T09:15:26","modified_gmt":"2021-11-24T15:15:26","slug":"protestan-en-la-sev-reclaman-docentes-en-omealca","status":"publish","type":"post","link":"https:\/\/encuentroinformativo.com.mx\/?p=20687","title":{"rendered":"Protestan en la SEV, reclaman docentes en Omealca"},"content":{"rendered":"\n<p><strong>Juan Arcos<\/strong><\/p>\n\n\n\n<p>Xalapa, Ver.- Madres y padres de familia tomaron las oficinas centrales de la Secretar\u00eda de Educaci\u00f3n de Veracruz (SEV) para exigir la asignaci\u00f3n de profesores en la escuela Secundaria T\u00e9cnica Industrial n\u00famero 135, ubicada en la comunidad de Tenejapan del municipio de Omealca.<\/p>\n\n\n\n<p>De acuerdo con Susana Pozos Rojas, una de los inconformes, llevan m\u00e1s de tres a\u00f1os y medio sin docentes y sin m\u00e9dico escolar en la instituci\u00f3n acad\u00e9mica.<\/p>\n\n\n\n<p>\u201cNuestros hijos ya asisten a clases y nos hace mucha falta, sabemos que la clave de m\u00e9dico escolar est\u00e1 ah\u00ed\u201d.<\/p>\n\n\n\n<p>La entrevistada record\u00f3 que las autoridades educativas se hab\u00edan comprometido a nombrar a los tres profesores a m\u00e1s tardar en 15 d\u00edas, pero no cumplieron.<\/p>\n\n\n\n<p>\u201cPor ese motivo estamos ac\u00e1, no vamos a esperar otros tres a\u00f1os y medio sin tener maestros. Los alumnos est\u00e1n sin profesores\u201d.<\/p>\n\n\n\n<p>Pozos Rojas record\u00f3 que en varias ocasiones se han manifestado en las oficinas centrales de la SEV, ubicadas sobre la carretera federal Xalapa-Veracruz; sin embargo, sus demandabas no han sido atendidas.<\/p>\n\n\n\n<p>Record\u00f3 que 63 estudiantes de la secundaria se quedaron sin docentes y presentan un rezago acad\u00e9mico.<\/p>\n\n\n\n<p>La matr\u00edcula escolar total es de 200 alumnos y los docentes de otros grupos tuvieron que hacerse cargo de cubrir la demanda. Las autoridades educativas les prometieron que les pagar\u00edan esas horas y tampoco fue as\u00ed.<br><\/p>\n\n\n\n<figure class=\"wp-block-image size-large\"><img loading=\"lazy\" decoding=\"async\" width=\"744\" height=\"494\" src=\"https:\/\/encuentroinformativo.com.mx\/wp-content\/uploads\/2021\/11\/C32BEE2B-DAFF-447C-B5EE-60BC2B787476.jpeg\" alt=\"\" class=\"wp-image-20689\" srcset=\"https:\/\/encuentroinformativo.com.mx\/wp-content\/uploads\/2021\/11\/C32BEE2B-DAFF-447C-B5EE-60BC2B787476.jpeg 744w, https:\/\/encuentroinformativo.com.mx\/wp-content\/uploads\/2021\/11\/C32BEE2B-DAFF-447C-B5EE-60BC2B787476-300x199.jpeg 300w\" sizes=\"auto, (max-width: 744px) 100vw, 744px\" \/><\/figure>\n","protected":false},"excerpt":{"rendered":"<p>Juan Arcos Xalapa, Ver.- Madres y padres de familia tomaron las oficinas centrales de la Secretar\u00eda de Educaci\u00f3n de Veracruz (SEV) para exigir la asignaci\u00f3n de profesores en la escuela Secundaria T\u00e9cnica Industrial n\u00famero 135, ubicada en la comunidad de Tenejapan del municipio de Omealca. De acuerdo con Susana Pozos Rojas, una de los inconformes, [&hellip;]<\/p>\n","protected":false},"author":1,"featured_media":20688,"comment_status":"open","ping_status":"open","sticky":false,"template":"","format":"standard","meta":{"_jetpack_memberships_contains_paid_content":false,"footnotes":""},"categories":[2],"tags":[],"class_list":["post-20687","post","type-post","status-publish","format-standard","has-post-thumbnail","hentry","category-estado"],"jetpack_featured_media_url":"https:\/\/encuentroinformativo.com.mx\/wp-content\/uploads\/2021\/11\/584B2FD8-00D1-437F-8042-3BF7A920471E.jpeg","jetpack_sharing_enabled":true,"jetpack_likes_enabled":true,"amp_enabled":true,"_links":{"self":[{"href":"https:\/\/encuentroinformativo.com.mx\/index.php?rest_route=\/wp\/v2\/posts\/20687","targetHints":{"allow":["GET"]}}],"collection":[{"href":"https:\/\/encuentroinformativo.com.mx\/index.php?rest_route=\/wp\/v2\/posts"}],"about":[{"href":"https:\/\/encuentroinformativo.com.mx\/index.php?rest_route=\/wp\/v2\/types\/post"}],"author":[{"embeddable":true,"href":"https:\/\/encuentroinformativo.com.mx\/index.php?rest_route=\/wp\/v2\/users\/1"}],"replies":[{"embeddable":true,"href":"https:\/\/encuentroinformativo.com.mx\/index.php?rest_route=%2Fwp%2Fv2%2Fcomments&post=20687"}],"version-history":[{"count":1,"href":"https:\/\/encuentroinformativo.com.mx\/index.php?rest_route=\/wp\/v2\/posts\/20687\/revisions"}],"predecessor-version":[{"id":20690,"href":"https:\/\/encuentroinformativo.com.mx\/index.php?rest_route=\/wp\/v2\/posts\/20687\/revisions\/20690"}],"wp:featuredmedia":[{"embeddable":true,"href":"https:\/\/encuentroinformativo.com.mx\/index.php?rest_route=\/wp\/v2\/media\/20688"}],"wp:attachment":[{"href":"https:\/\/encuentroinformativo.com.mx\/index.php?rest_route=%2Fwp%2Fv2%2Fmedia&parent=20687"}],"wp:term":[{"taxonomy":"category","embeddable":true,"href":"https:\/\/encuentroinformativo.com.mx\/index.php?rest_route=%2Fwp%2Fv2%2Fcategories&post=20687"},{"taxonomy":"post_tag","embeddable":true,"href":"https:\/\/encuentroinformativo.com.mx\/index.php?rest_route=%2Fwp%2Fv2%2Ftags&post=20687"}],"curies":[{"name":"wp","href":"https:\/\/api.w.org\/{rel}","templated":true}]}}