{"id":20691,"date":"2021-11-24T12:12:07","date_gmt":"2021-11-24T18:12:07","guid":{"rendered":"https:\/\/encuentroinformativo.com.mx\/?p=20691"},"modified":"2021-11-24T12:12:10","modified_gmt":"2021-11-24T18:12:10","slug":"confirman-edicion-97-del-carnaval-de-veracruz","status":"publish","type":"post","link":"https:\/\/encuentroinformativo.com.mx\/?p=20691","title":{"rendered":"Confirman edici\u00f3n 97 del Carnaval de Veracruz"},"content":{"rendered":"\n<p><strong>Alejandro \u00c1vila<\/strong><\/p>\n\n\n\n<p>Veracruz, Ver.- Finalmente se confirm\u00f3 que s\u00ed habr\u00e1 Carnaval de Veracruz 2022, el cual ser\u00eda la edici\u00f3n 97 de la fiesta m\u00e1s popular de la entidad veracruzana.<\/p>\n\n\n\n<p>Fue la alcaldesa electa, Patricia Lobeira Rodr\u00edguez quien dio el anuncio oficial en compa\u00f1ia del presidente del Comit\u00e9 de Carnaval, Luis Antonio P\u00e9rez Fraga; aunque destac\u00f3 que ser\u00e1 hasta el pr\u00f3ximo mes de junio y no en febrero como es una costumbre.<\/p>\n\n\n\n<p>La panista resalt\u00f3 que esta decisi\u00f3n se tom\u00f3 a pesar del nulo apoyo de Gobierno del Estado a su gobierno entrante y donde se sabe las participaciones federales les llegan hasta el primer trimestre del a\u00f1o; aunque reconoci\u00f3 existe una necesidad de reactivar la econom\u00eda y apoyar a los sectores productivos.<\/p>\n\n\n\n<p>\u201cPara informarles con respecto al Carnaval que, es un tema que todos han estado preguntando much\u00edsimo, y les quiero decir que el d\u00eda de hoy me complace informarles que despu\u00e9s de diversas reuniones, todos los actores hemos tomado la decisi\u00f3n razonable, prudente y responsable de que s\u00ed realizaremos el carnaval de Veracruz&nbsp; 2022\u201d, declar\u00f3 en rueda de prensa.<\/p>\n\n\n\n<p>Lobeira Rodr\u00edguez, aclar\u00f3 que est\u00e1 conciente que la crisis sanitaria a\u00fan contin\u00faa y seg\u00fan las autoridades de salud federal, se prevee una cuarta ola para finales de diciembre; motivo por el cual decidieron realizarlo en verano.<\/p>\n\n\n\n<p>En ese sentido, dijo que adem\u00e1s de ser una de las fiestas m\u00e1s importantes del estado y con mayor tradici\u00f3n, se trata de una derrama econ\u00f3mica importante para la conurbaci\u00f3n qu\u00e9 es necesaria ante la pandemia por el COVID-19.&nbsp;<\/p>\n\n\n\n<p>\u201cC\u00f3mo saben recientemente el secretario de Salud federal dijo que en diciembre se aproxima una cuarta ola de contagios de covid-19; por ello y con la finalidad de salvaguardar la salud de todos, hemos tomado la decisi\u00f3n de que el Carnaval se realiza en el mes de junio el siguiente a\u00f1o\u201d, subrat\u00f3.<\/p>\n\n\n\n<p>Finalmente, la alcaldesa electa dijo que ser\u00e1 a trav\u00e9s del presidente del Comit\u00e9 de Carnaval, donde se de detalles acerca las fechas para las convocatorias de las y los candidatos a la corte real.<\/p>\n","protected":false},"excerpt":{"rendered":"<p>Alejandro \u00c1vila Veracruz, Ver.- Finalmente se confirm\u00f3 que s\u00ed habr\u00e1 Carnaval de Veracruz 2022, el cual ser\u00eda la edici\u00f3n 97 de la fiesta m\u00e1s popular de la entidad veracruzana. Fue la alcaldesa electa, Patricia Lobeira Rodr\u00edguez quien dio el anuncio oficial en compa\u00f1ia del presidente del Comit\u00e9 de Carnaval, Luis Antonio P\u00e9rez Fraga; aunque destac\u00f3 [&hellip;]<\/p>\n","protected":false},"author":1,"featured_media":20692,"comment_status":"open","ping_status":"open","sticky":false,"template":"","format":"standard","meta":{"_jetpack_memberships_contains_paid_content":false,"footnotes":""},"categories":[2],"tags":[],"class_list":["post-20691","post","type-post","status-publish","format-standard","has-post-thumbnail","hentry","category-estado"],"jetpack_featured_media_url":"https:\/\/encuentroinformativo.com.mx\/wp-content\/uploads\/2021\/11\/FC45C779-09EF-433E-9417-2DD1BB550797.jpeg","jetpack_sharing_enabled":true,"jetpack_likes_enabled":true,"amp_enabled":true,"_links":{"self":[{"href":"https:\/\/encuentroinformativo.com.mx\/index.php?rest_route=\/wp\/v2\/posts\/20691","targetHints":{"allow":["GET"]}}],"collection":[{"href":"https:\/\/encuentroinformativo.com.mx\/index.php?rest_route=\/wp\/v2\/posts"}],"about":[{"href":"https:\/\/encuentroinformativo.com.mx\/index.php?rest_route=\/wp\/v2\/types\/post"}],"author":[{"embeddable":true,"href":"https:\/\/encuentroinformativo.com.mx\/index.php?rest_route=\/wp\/v2\/users\/1"}],"replies":[{"embeddable":true,"href":"https:\/\/encuentroinformativo.com.mx\/index.php?rest_route=%2Fwp%2Fv2%2Fcomments&post=20691"}],"version-history":[{"count":1,"href":"https:\/\/encuentroinformativo.com.mx\/index.php?rest_route=\/wp\/v2\/posts\/20691\/revisions"}],"predecessor-version":[{"id":20693,"href":"https:\/\/encuentroinformativo.com.mx\/index.php?rest_route=\/wp\/v2\/posts\/20691\/revisions\/20693"}],"wp:featuredmedia":[{"embeddable":true,"href":"https:\/\/encuentroinformativo.com.mx\/index.php?rest_route=\/wp\/v2\/media\/20692"}],"wp:attachment":[{"href":"https:\/\/encuentroinformativo.com.mx\/index.php?rest_route=%2Fwp%2Fv2%2Fmedia&parent=20691"}],"wp:term":[{"taxonomy":"category","embeddable":true,"href":"https:\/\/encuentroinformativo.com.mx\/index.php?rest_route=%2Fwp%2Fv2%2Fcategories&post=20691"},{"taxonomy":"post_tag","embeddable":true,"href":"https:\/\/encuentroinformativo.com.mx\/index.php?rest_route=%2Fwp%2Fv2%2Ftags&post=20691"}],"curies":[{"name":"wp","href":"https:\/\/api.w.org\/{rel}","templated":true}]}}