{"id":20695,"date":"2021-11-24T12:27:03","date_gmt":"2021-11-24T18:27:03","guid":{"rendered":"https:\/\/encuentroinformativo.com.mx\/?p=20695"},"modified":"2021-11-24T12:27:07","modified_gmt":"2021-11-24T18:27:07","slug":"piden-a-gobierno-del-estado-pagar-artistas-de-carnaval","status":"publish","type":"post","link":"https:\/\/encuentroinformativo.com.mx\/?p=20695","title":{"rendered":"Piden a Gobierno del Estado pagar artistas de Carnaval"},"content":{"rendered":"\n<p><strong>Alejandro \u00c1vila<\/strong><\/p>\n\n\n\n<p>Veracruz.Ver.- El alcalde de Veracruz, Fernando Yunes M\u00e1rquez, solicit\u00f3 al Gobierno del Estado que sean ellos quienes apoyen al Carnaval de Veracruz pagando los conciertos masivos en la macro plaza del malec\u00f3n.<\/p>\n\n\n\n<p>El panista reclam\u00f3 que ha existido mucha cr\u00edtica de las autoridades estatales en contra de lo que hace el municipio, pero es solo por temas partidistas, pues en temas legales o administrativos, destacan como el Ayuntamiento m\u00e1s transparente de la entidad.<\/p>\n\n\n\n<p>En ese sentido, expuso que si el Gobierno del Estado brindar\u00e1 apoyo a Cumbre Taj\u00edn y el Festival de la Salsa 2022 con repertorio musical, bien podr\u00eda hacerlo para el Carnaval, fiesta que es la m\u00e1s a\u00f1eja de la entidad con 97 ediciones.&nbsp;<\/p>\n\n\n\n<p>Aclar\u00f3 que si esto sucede, los recursos ser\u00e1n manejados, unicamente por Gobierno del Estado, y no por el Auntamiento o el Comit\u00e9 de Carnaval.<\/p>\n\n\n\n<p>\u201cHoy desde aqu\u00ed queremos mandarle un mensaje al gobernador del estado: primero decirle qu\u00e9 le damos el beneficio de la duda, qu\u00e9 confiamos en el, s\u00ed como ha dicho en incontables ocasiones que quiere apoyar al Carnaval, Por lo cual aqu\u00ed como presidente municipal y a nombre de todos los que hacen el Carnaval, le queremos pedir que sea el Gobierno del Estado qui\u00e9n pague a los artistas de los conciertos masivos, lo pague de manera directa y que no pase por las arcas del Ayuntamiento o del Comit\u00e9 del Carnaval un solo centavo, se los pague con el proveedor de su preferencia, al igual que paga los artistas de Cumbre Taj\u00edn y los del Festival de Salsa de Boca del R\u00edo. No hay raz\u00f3n para que Veracruz excluido de la fiesta m\u00e1s importante del est\u00e1\u201d, remat\u00f3.<\/p>\n\n\n\n<p>El edil, dijo que, hist\u00f3ricamente el carnaval de Veracruz se hab\u00eda estado realizando con apoyo de gobierno del estado, pero fue hasta el inicio de su administraci\u00f3n cuando se dej\u00f3 de hacerlo; sus \u00faltimas ediciones fueron realizadas con recursos municipales, llegando a pagar hasta 19 millones de pesos tan solo para el elenco art\u00edstico.<\/p>\n","protected":false},"excerpt":{"rendered":"<p>Alejandro \u00c1vila Veracruz.Ver.- El alcalde de Veracruz, Fernando Yunes M\u00e1rquez, solicit\u00f3 al Gobierno del Estado que sean ellos quienes apoyen al Carnaval de Veracruz pagando los conciertos masivos en la macro plaza del malec\u00f3n. El panista reclam\u00f3 que ha existido mucha cr\u00edtica de las autoridades estatales en contra de lo que hace el municipio, pero [&hellip;]<\/p>\n","protected":false},"author":1,"featured_media":20696,"comment_status":"open","ping_status":"open","sticky":false,"template":"","format":"standard","meta":{"_jetpack_memberships_contains_paid_content":false,"footnotes":""},"categories":[2],"tags":[],"class_list":["post-20695","post","type-post","status-publish","format-standard","has-post-thumbnail","hentry","category-estado"],"jetpack_featured_media_url":"https:\/\/encuentroinformativo.com.mx\/wp-content\/uploads\/2021\/11\/95E6271B-62EE-48F0-B8E9-714906308825.jpeg","jetpack_sharing_enabled":true,"jetpack_likes_enabled":true,"amp_enabled":true,"_links":{"self":[{"href":"https:\/\/encuentroinformativo.com.mx\/index.php?rest_route=\/wp\/v2\/posts\/20695","targetHints":{"allow":["GET"]}}],"collection":[{"href":"https:\/\/encuentroinformativo.com.mx\/index.php?rest_route=\/wp\/v2\/posts"}],"about":[{"href":"https:\/\/encuentroinformativo.com.mx\/index.php?rest_route=\/wp\/v2\/types\/post"}],"author":[{"embeddable":true,"href":"https:\/\/encuentroinformativo.com.mx\/index.php?rest_route=\/wp\/v2\/users\/1"}],"replies":[{"embeddable":true,"href":"https:\/\/encuentroinformativo.com.mx\/index.php?rest_route=%2Fwp%2Fv2%2Fcomments&post=20695"}],"version-history":[{"count":1,"href":"https:\/\/encuentroinformativo.com.mx\/index.php?rest_route=\/wp\/v2\/posts\/20695\/revisions"}],"predecessor-version":[{"id":20697,"href":"https:\/\/encuentroinformativo.com.mx\/index.php?rest_route=\/wp\/v2\/posts\/20695\/revisions\/20697"}],"wp:featuredmedia":[{"embeddable":true,"href":"https:\/\/encuentroinformativo.com.mx\/index.php?rest_route=\/wp\/v2\/media\/20696"}],"wp:attachment":[{"href":"https:\/\/encuentroinformativo.com.mx\/index.php?rest_route=%2Fwp%2Fv2%2Fmedia&parent=20695"}],"wp:term":[{"taxonomy":"category","embeddable":true,"href":"https:\/\/encuentroinformativo.com.mx\/index.php?rest_route=%2Fwp%2Fv2%2Fcategories&post=20695"},{"taxonomy":"post_tag","embeddable":true,"href":"https:\/\/encuentroinformativo.com.mx\/index.php?rest_route=%2Fwp%2Fv2%2Ftags&post=20695"}],"curies":[{"name":"wp","href":"https:\/\/api.w.org\/{rel}","templated":true}]}}