{"id":20710,"date":"2021-11-24T14:10:37","date_gmt":"2021-11-24T20:10:37","guid":{"rendered":"https:\/\/encuentroinformativo.com.mx\/?p=20710"},"modified":"2021-11-24T14:10:40","modified_gmt":"2021-11-24T20:10:40","slug":"recuerdan-a-victimas-de-invasion-americana","status":"publish","type":"post","link":"https:\/\/encuentroinformativo.com.mx\/?p=20710","title":{"rendered":"Recuerdan a v\u00edctimas de invasi\u00f3n americana"},"content":{"rendered":"\n<p><strong>Juan Arcos<\/strong><\/p>\n\n\n\n<p>Xalapa, Ver.- El cronista de la ciudad de Xalapa, Vicente Espino Jara, encabez\u00f3 un homenaje c\u00edvico a la memoria de dos j\u00f3venes que fueron ejecutados en el a\u00f1o 1847, durante la invasi\u00f3n americana.<\/p>\n\n\n\n<p>A un costado del mercado Alcalde y Garc\u00eda, mejor conocido como San Jos\u00e9, el historiador record\u00f3 que los muchachos fueron fusilados en muros exteriores del recinto comercial.<\/p>\n\n\n\n<p>En ese sentido, destac\u00f3 la importancia de llevar a cabo acciones para recuperar la memoria de quienes forman parte de la historia de la ciudad.<\/p>\n\n\n\n<p>Tambi\u00e9n coment\u00f3 que el monumento c\u00edvico a los j\u00f3venes Ambrosio Alcalde y Antonio Garc\u00eda es el m\u00e1s antiguo en la ciudad, pues cumpli\u00f3 174 a\u00f1os.<\/p>\n\n\n\n<p>\u201cEs compartir y contagiar la emoci\u00f3n de conocer la historia de la ciudad, lo que nos hace ciudadanos enamorados de nuestra tierra\u201d.<\/p>\n\n\n\n<p>Espino Jara record\u00f3 que los j\u00f3venes se opusieron al arribo de las tropas norteamericanas a Veracruz, que ocasionaron una matanza y tomaron la capital el 19 de abril de 1847.<\/p>\n\n\n\n<p>\u201cEntonces estos j\u00f3venes se dieron a la tarea de impedir el avance de las tropas que pretend\u00edan llegar a la Ciudad de M\u00e9xico y en esa fecha fueron capturados. Ya hab\u00edan sido capturados, por su edad los perdonaron, los vuelven a capturar y los fusilaron como una medida de escarmiento\u201d.<\/p>\n\n\n\n<p>A los pocos a\u00f1os de su muerte, los xalape\u00f1os reunieron fondos para levantar una columna en su memoria, siendo el monumento c\u00edvico m\u00e1s antiguo que existe en la ciudad.<\/p>\n\n\n\n<figure class=\"wp-block-image size-large\"><img loading=\"lazy\" decoding=\"async\" width=\"1024\" height=\"768\" src=\"https:\/\/encuentroinformativo.com.mx\/wp-content\/uploads\/2021\/11\/08E2DAC4-3D04-41C1-AC85-077A68BD865E-1024x768.jpeg\" alt=\"\" class=\"wp-image-20712\" srcset=\"https:\/\/encuentroinformativo.com.mx\/wp-content\/uploads\/2021\/11\/08E2DAC4-3D04-41C1-AC85-077A68BD865E-1024x768.jpeg 1024w, https:\/\/encuentroinformativo.com.mx\/wp-content\/uploads\/2021\/11\/08E2DAC4-3D04-41C1-AC85-077A68BD865E-300x225.jpeg 300w, https:\/\/encuentroinformativo.com.mx\/wp-content\/uploads\/2021\/11\/08E2DAC4-3D04-41C1-AC85-077A68BD865E-768x576.jpeg 768w, https:\/\/encuentroinformativo.com.mx\/wp-content\/uploads\/2021\/11\/08E2DAC4-3D04-41C1-AC85-077A68BD865E-1536x1152.jpeg 1536w, https:\/\/encuentroinformativo.com.mx\/wp-content\/uploads\/2021\/11\/08E2DAC4-3D04-41C1-AC85-077A68BD865E.jpeg 2016w\" sizes=\"auto, (max-width: 1024px) 100vw, 1024px\" \/><\/figure>\n","protected":false},"excerpt":{"rendered":"<p>Juan Arcos Xalapa, Ver.- El cronista de la ciudad de Xalapa, Vicente Espino Jara, encabez\u00f3 un homenaje c\u00edvico a la memoria de dos j\u00f3venes que fueron ejecutados en el a\u00f1o 1847, durante la invasi\u00f3n americana. A un costado del mercado Alcalde y Garc\u00eda, mejor conocido como San Jos\u00e9, el historiador record\u00f3 que los muchachos fueron [&hellip;]<\/p>\n","protected":false},"author":1,"featured_media":20711,"comment_status":"open","ping_status":"open","sticky":false,"template":"","format":"standard","meta":{"_jetpack_memberships_contains_paid_content":false,"footnotes":""},"categories":[3],"tags":[],"class_list":["post-20710","post","type-post","status-publish","format-standard","has-post-thumbnail","hentry","category-xalapa"],"jetpack_featured_media_url":"https:\/\/encuentroinformativo.com.mx\/wp-content\/uploads\/2021\/11\/05FC4E36-4CD6-42D1-8BBF-5E8155F4DDBD.jpeg","jetpack_sharing_enabled":true,"jetpack_likes_enabled":true,"amp_enabled":true,"_links":{"self":[{"href":"https:\/\/encuentroinformativo.com.mx\/index.php?rest_route=\/wp\/v2\/posts\/20710","targetHints":{"allow":["GET"]}}],"collection":[{"href":"https:\/\/encuentroinformativo.com.mx\/index.php?rest_route=\/wp\/v2\/posts"}],"about":[{"href":"https:\/\/encuentroinformativo.com.mx\/index.php?rest_route=\/wp\/v2\/types\/post"}],"author":[{"embeddable":true,"href":"https:\/\/encuentroinformativo.com.mx\/index.php?rest_route=\/wp\/v2\/users\/1"}],"replies":[{"embeddable":true,"href":"https:\/\/encuentroinformativo.com.mx\/index.php?rest_route=%2Fwp%2Fv2%2Fcomments&post=20710"}],"version-history":[{"count":1,"href":"https:\/\/encuentroinformativo.com.mx\/index.php?rest_route=\/wp\/v2\/posts\/20710\/revisions"}],"predecessor-version":[{"id":20713,"href":"https:\/\/encuentroinformativo.com.mx\/index.php?rest_route=\/wp\/v2\/posts\/20710\/revisions\/20713"}],"wp:featuredmedia":[{"embeddable":true,"href":"https:\/\/encuentroinformativo.com.mx\/index.php?rest_route=\/wp\/v2\/media\/20711"}],"wp:attachment":[{"href":"https:\/\/encuentroinformativo.com.mx\/index.php?rest_route=%2Fwp%2Fv2%2Fmedia&parent=20710"}],"wp:term":[{"taxonomy":"category","embeddable":true,"href":"https:\/\/encuentroinformativo.com.mx\/index.php?rest_route=%2Fwp%2Fv2%2Fcategories&post=20710"},{"taxonomy":"post_tag","embeddable":true,"href":"https:\/\/encuentroinformativo.com.mx\/index.php?rest_route=%2Fwp%2Fv2%2Ftags&post=20710"}],"curies":[{"name":"wp","href":"https:\/\/api.w.org\/{rel}","templated":true}]}}