{"id":20719,"date":"2021-11-24T16:12:20","date_gmt":"2021-11-24T22:12:20","guid":{"rendered":"https:\/\/encuentroinformativo.com.mx\/?p=20719"},"modified":"2021-11-24T16:12:23","modified_gmt":"2021-11-24T22:12:23","slug":"investigaran-a-juez-que-dejo-en-libertad-a-ex-diputado-antonio-n","status":"publish","type":"post","link":"https:\/\/encuentroinformativo.com.mx\/?p=20719","title":{"rendered":"Investigar\u00e1n a juez que dej\u00f3 en libertad a ex diputado Antonio \u201cN\u201d"},"content":{"rendered":"\n<p><strong>Dar\u00edo Pale<\/strong><\/p>\n\n\n\n<p>Xalapa, Ver.- El gobernador Cuitl\u00e1huac Garc\u00eda Jim\u00e9nez, acus\u00f3 que el juez actu\u00f3 mal en el caso del exdiputado que mat\u00f3 a menor al dejarlo en libertad, sin precisar cu\u00e1l fue la mala actuaci\u00f3n, el mandatario presume irregularidades al dejarlo seguir su proceso en libertad.<\/p>\n\n\n\n<p>Entrevistado en conocido caf\u00e9 de la calle de Zaragoza, dio a conocer que fue el juez Jos\u00e9 Luis Alberto Cobos Hern\u00e1ndez, quien neg\u00f3 emitir prisi\u00f3n preventiva en contra del exdiputado local Antonio \u201cN\u201d, quien atropell\u00f3 y mat\u00f3 a una menor de 7 a\u00f1os en Huatusco.<\/p>\n\n\n\n<p>Record\u00f3 que hab\u00eda prometido dar a conocer el nombre de los jueces de los cuales tuvieran sospecha por un mal procedimiento, &#8220;tal es el caso del juez Jos\u00e9 Luis Alberto Cobos Hern\u00e1ndez que llev\u00f3 el caso y que modific\u00f3 la medida cautelar solicitada por la Fiscal\u00eda General del Estado&#8221;.<\/p>\n\n\n\n<p>El Mandatario refiri\u00f3 que el juez se neg\u00f3 a dejar en prisi\u00f3n preventiva al exlegislador y modific\u00f3 la medida cautelar para que fuera a firmar de manera peri\u00f3dica, por lo que ante ello, la Fiscal\u00eda General del Estado solicit\u00f3 la vinculaci\u00f3n a proceso, lo cual s\u00ed fue admitido.<\/p>\n\n\n\n<p>Tras la decisi\u00f3n del Juez de no dejar al exdiputado en prisi\u00f3n, la Fiscal decidi\u00f3 interponer un procedimiento de inconformidad en contra de la decisi\u00f3n del Juez, por lo que estar\u00e1 muy atento, incluso adelant\u00f3 que este mismo d\u00eda se reunir\u00e1 con la presidenta del Tribunal Superior de Justicia, In\u00e9s Isabel Romero Cruz para revisar este caso.<\/p>\n\n\n\n<p>En otro orden de ideas Garc\u00eda Jim\u00e9nez insisti\u00f3 en que todav\u00eda no se define qui\u00e9n ser\u00e1 la pr\u00f3xima autoridad municipal en el puerto de Veracruz, pero su administraci\u00f3n apoyar\u00e1 con log\u00edstica y seguridad el Carnaval de Veracruz.<\/p>\n\n\n\n<p>El Ejecutivo dijo que independientemente de quien sea seguir\u00e1n impulsando que este se realice y apoyar\u00e1n con lo que les corresponda, por lo que reiter\u00f3 que llevar\u00e1n a cabo algunos otros eventos para que los visitantes se queden a pernoctar en el puerto y con ello se genere una mayor derrama econ\u00f3mica.<\/p>\n\n\n\n<p>Hay que recordar que la alcaldesa electa Patricia Lobeira dijo que s\u00ed habr\u00e1 Carnaval, pero \u00e9ste se pospondr\u00e1 cuatro meses y se llevar\u00e1 a cabo en el mes de junio, explic\u00f3 que se acord\u00f3 que fuera en el verano para que haya menos riesgo de contagio por COVID-19.<\/p>\n\n\n\n<p>Finalmente dio a conocer que, &#8220;realiz\u00e1remos el Carnaval de Veracruz 2022, adem\u00e1s de ser la fiesta mas grande del Estado y la m\u00e1s esperada por los veracruzanos, el Carnaval representa una importante derrama econ\u00f3mica para la ciudad y para toda la zona conurbada Veracruz-Boca del R\u00edo, por tal motivo estamos convencidos de que debe llevarse a cabo con orden y con las medidas sanitarias adecuadas&#8221;.<\/p>\n","protected":false},"excerpt":{"rendered":"<p>Dar\u00edo Pale Xalapa, Ver.- El gobernador Cuitl\u00e1huac Garc\u00eda Jim\u00e9nez, acus\u00f3 que el juez actu\u00f3 mal en el caso del exdiputado que mat\u00f3 a menor al dejarlo en libertad, sin precisar cu\u00e1l fue la mala actuaci\u00f3n, el mandatario presume irregularidades al dejarlo seguir su proceso en libertad. Entrevistado en conocido caf\u00e9 de la calle de Zaragoza, [&hellip;]<\/p>\n","protected":false},"author":1,"featured_media":20720,"comment_status":"open","ping_status":"open","sticky":false,"template":"","format":"standard","meta":{"_jetpack_memberships_contains_paid_content":false,"footnotes":""},"categories":[2],"tags":[],"class_list":["post-20719","post","type-post","status-publish","format-standard","has-post-thumbnail","hentry","category-estado"],"jetpack_featured_media_url":"https:\/\/encuentroinformativo.com.mx\/wp-content\/uploads\/2021\/11\/E6F7F09D-30DD-4399-BCCF-D41125C47B5E.jpeg","jetpack_sharing_enabled":true,"jetpack_likes_enabled":true,"amp_enabled":true,"_links":{"self":[{"href":"https:\/\/encuentroinformativo.com.mx\/index.php?rest_route=\/wp\/v2\/posts\/20719","targetHints":{"allow":["GET"]}}],"collection":[{"href":"https:\/\/encuentroinformativo.com.mx\/index.php?rest_route=\/wp\/v2\/posts"}],"about":[{"href":"https:\/\/encuentroinformativo.com.mx\/index.php?rest_route=\/wp\/v2\/types\/post"}],"author":[{"embeddable":true,"href":"https:\/\/encuentroinformativo.com.mx\/index.php?rest_route=\/wp\/v2\/users\/1"}],"replies":[{"embeddable":true,"href":"https:\/\/encuentroinformativo.com.mx\/index.php?rest_route=%2Fwp%2Fv2%2Fcomments&post=20719"}],"version-history":[{"count":1,"href":"https:\/\/encuentroinformativo.com.mx\/index.php?rest_route=\/wp\/v2\/posts\/20719\/revisions"}],"predecessor-version":[{"id":20721,"href":"https:\/\/encuentroinformativo.com.mx\/index.php?rest_route=\/wp\/v2\/posts\/20719\/revisions\/20721"}],"wp:featuredmedia":[{"embeddable":true,"href":"https:\/\/encuentroinformativo.com.mx\/index.php?rest_route=\/wp\/v2\/media\/20720"}],"wp:attachment":[{"href":"https:\/\/encuentroinformativo.com.mx\/index.php?rest_route=%2Fwp%2Fv2%2Fmedia&parent=20719"}],"wp:term":[{"taxonomy":"category","embeddable":true,"href":"https:\/\/encuentroinformativo.com.mx\/index.php?rest_route=%2Fwp%2Fv2%2Fcategories&post=20719"},{"taxonomy":"post_tag","embeddable":true,"href":"https:\/\/encuentroinformativo.com.mx\/index.php?rest_route=%2Fwp%2Fv2%2Ftags&post=20719"}],"curies":[{"name":"wp","href":"https:\/\/api.w.org\/{rel}","templated":true}]}}