{"id":20722,"date":"2021-11-25T09:50:29","date_gmt":"2021-11-25T15:50:29","guid":{"rendered":"https:\/\/encuentroinformativo.com.mx\/?p=20722"},"modified":"2021-11-25T09:50:33","modified_gmt":"2021-11-25T15:50:33","slug":"si-tanto-quieren-al-puerto-que-les-regalen-carnavales","status":"publish","type":"post","link":"https:\/\/encuentroinformativo.com.mx\/?p=20722","title":{"rendered":"SI TANTO QUIEREN AL PUERTO, QUE LES REGALEN CARNAVALES"},"content":{"rendered":"\n<p><strong>ColumnaSinNombre<br>@pablojair<\/strong><\/p>\n\n\n\n<ul class=\"wp-block-list\"><li>En la tierra de YSQ hay Uber; ya d\u00e9jenlo operar en Veracruz<\/li><li>Exitosa la comparecencia del secretario de Finanzas.<\/li><li>Manda Congreso de Oaxaca a la gaver al diputado preso.<\/li><\/ul>\n\n\n\n<p>\u00a1Qu\u00e9 raro! Monreal no dice nada de los muertos<br>y violencia en su estado natal, Zacatecas\u2026<br>\u2014Chopenjawer<\/p>\n\n\n\n<p>En verdad que da ternura ver al alcalde de Veracruz, Fernando Yunes, pidiendo ayuda al Gobierno del Estado para que porfa, porfitas, porfis, pague a los artistas del Carnaval. Una fiesta que ya no le tocar\u00e1 a \u00e9l, pero la gestiona como si fuese propia.<\/p>\n\n\n\n<p>Pero para que no digan que es machista invitaron a Do\u00f1a Patricia Lobeira, la candidata del PAN que est\u00e1 impugnada y no ratificada como alcaldesa electa de Veracruz, para que ella misma participara en la rueda de prensa anunciando que s\u00ed va a haber Carnaval de Veracruz (justo cuando todo indica que viene una cuarta ola de Covid) y que a lo mejor va a ser a mediados del a\u00f1o pr\u00f3ximo.<\/p>\n\n\n\n<p>Todo el rollo estriba en que el Gobierno de Veracruz ha dicho que s\u00ed va a apoyar, pero no como antes cuando se entregaba el dinero en \u201ccash\u201d; el mismo gobernador Cuitl\u00e1huac Garc\u00eda Jim\u00e9nez ha comentado que habr\u00e1, de su lado, seguridad, eventos culturales, promoci\u00f3n tur\u00edstica y\u2026 ya, pero nada m\u00e1s.<\/p>\n\n\n\n<p>La verdad es que llama la atenci\u00f3n la desesperaci\u00f3n de Yunes y Lobeira para insistir en un asunto que no es prioritario (si tomamos, insisto, otra vez el tema de la pandemia que no acaba y podr\u00eda dispararse en los pr\u00f3ximos meses), pero adem\u00e1s en la parte pol\u00edtica ni siquiera deber\u00eda la se\u00f1ora hacer promoci\u00f3n de algo en lo que todav\u00eda no puede prometer, ya que es probable que la elecci\u00f3n de Veracruz se anule y no llegue a Palacio Municipal a presidir el Ayuntamiento del pr\u00f3ximo a\u00f1o.<\/p>\n\n\n\n<p>La actitud de Yunes este mi\u00e9rcoles, en la conferencia de prensa, es meramente para empoderar a su cu\u00f1ada y ponerla en el reflector p\u00fablico para, de alguna manera, legitimarla como la supuesta pr\u00f3xima autoridad municipal, como si no faltara la resoluci\u00f3n final del Tribunal Electoral del Poder Judicial de la Federaci\u00f3n.<\/p>\n\n\n\n<p>De hecho, esta misma actitud tambi\u00e9n demostr\u00f3 a un Fernando menos envalentonado, m\u00e1s cauto para referirse al gobernador, tratando de endosarle una bronca que no es suya.<\/p>\n\n\n\n<p>Pero lo m\u00e1s raro de eso es que ahora pareciera que los Yunes del Estero viven en la miseria y no tienen la lana para pagar artistas para el Carnaval\u2026<\/p>\n\n\n\n<p>\u00bfA poco no tienen la millonada para regalarle un carnavalazo al Veracruz que tanto dicen querer? \u00bfA poco no tienen un genio financiero en la \u201cfamiglia\u201d para crear una empresa fantasma y que de ah\u00ed salga el billet\u00f3n para traer hasta a H\u00e9ctor Lavoe v\u00eda cuija? As\u00ed, por ejemplo, se dice que le pagaban a periodistas en la Fiscal\u00eda General del Estado, en la \u00e9poca del pr\u00f3fugo de la justicia llamado Jorge Winckler.<\/p>\n\n\n\n<p>Mire, es extra\u00f1o, pero los Yunes saben para qu\u00e9 es la lana y la invierten mucho en pol\u00edtica. F\u00e1cil tienen los recursos \u2014digo yo, a ojo de buen cubero\u2014 como para regalarle a Veracruz unos 5 o 10 carnavales, sin bronca, con buenos artistas internacionales, harta chela, carros aleg\u00f3ricos con aguacate y hasta para traer \u201cdrag-queens\u201d y \u201cshe-males\u201d de esos que le gusta a la clase fif\u00ed de Veracruz y Boca.<\/p>\n\n\n\n<p>Pero bien dicen por ah\u00ed en la vieja clase pol\u00edtica que los negocios al amparo del poder nunca se hacen con dinero propio, siempre del Estado.<\/p>\n\n\n\n<p>Por eso la insistencia de endosar al Gobierno de Veracruz el tema en verdad suena tierno, casi como para poner ojitos de Remy,<\/p>\n\n\n\n<p>Bueno, y uno vuelve a preguntar, \u00bfqu\u00e9 tanto chincuale con el mentado Carnaval cuando se avecina una cuarta ola de Covid proveniente de los necios que no se quisieron vacunar en Europa? O sea, \u00bfneta vamos a estar para esos trotes?<\/p>\n\n\n\n<p>Mejor los Yunes vendieran la Torre Perrona y de ah\u00ed que sacaran para recursos del Carnavaleishion\u2026 \u00bfO ser\u00e1 que est\u00e1n ahorrando para la pr\u00f3xima fuga y exilio de varios a\u00f1os? Digo, por ejemplo, mantener a Winckler escondido en alguna parte del mundo no debe ser barato.<\/p>\n\n\n\n<p><strong>NOTA PARA PEGAR EN EL REFRI: <\/strong>Visita fugaz a Villahermosa, Tabasco, y nos damos cuenta que all\u00e1 s\u00ed opera el servicio de transporte privado Uber, que en Veracruz est\u00e1 vetado quesque porque hay mucho taxi todav\u00eda por usar (aunque est\u00e1n en las peores condiciones)\u2026 Lo anterior cobra relevancia porque uno entender\u00eda que siendo la tierra natal de Andr\u00e9s Manuel L\u00f3pez Obrador, a lo mejor dicha aplicaci\u00f3n estar\u00eda condenada, vetada por ser una transnacional, pero da la casualidad que quien permiti\u00f3 la entrada de Uber a la capital del pa\u00eds y su regulaci\u00f3n fue el mismo personaje que hoy es presidente de M\u00e9xico\u2026 S\u00ed: Uber comenz\u00f3 operaciones en la CDMX en 2003, cuando Andr\u00e9s Manuel L\u00f3pez Obrador era jefe de Gobierno\u2026 Y tambi\u00e9n tuvo qu\u00e9 lidiar con los mismos reclamos: los taxis que protestaron porque dec\u00edan que hab\u00eda una competencia desleal y as\u00ed. Finalmente hubo negociaci\u00f3n, Uber le entr\u00f3 al quite pagando un impuesto a la ciudad y se acab\u00f3: ah\u00ed en la CDMX siguen; el sol sale para todos\u2026 Esto tambi\u00e9n llevar\u00eda a la reflexi\u00f3n de que tampoco AMLO y sus colaboradores de ese momento se dejaron presionar por una mafia transportista que vaya qu\u00e9 es pesada en la CDMX. Tampoco con esto hubo el \u201cmiedo\u201d de perder la simpat\u00eda electoral u operaciones de movilizaciones para los d\u00edas de elecciones, porque finalmente el periodo siguiente lo gan\u00f3 Marcelo Ebrard f\u00e1cilmente y no se \u201cdesquitaron\u201d los taxistas\u2026 Se entiende que en ciudades como Xalapa, en \u00e9pocas pasadas, regalaron concesiones de taxi (y muchos hicieron negocio) como si fuesen granos de arroz regados en una boda, pero los due\u00f1os se desisten de mejorar unidades, de usar tecnolog\u00edas como el pago con tarjeta o sencillamente darle la oportunidad al usuario de escoger en qu\u00e9 veh\u00edculo transportarse\u2026 En verdad no se entiende porque tanta resistencia a usar Uber para mejorar la movilidad de la gente en Xalapa y Veracruz, \u00bfpor qu\u00e9 seguirlos obligando a seguir usando el mismo servicio tan deficiente, tan retrasado?<\/p>\n\n\n\n<p><strong>OTRA NOTA:<\/strong> Hasta el momento el secretario de Finanzas de Veracruz, Jos\u00e9 Luis Lima Franco, ha sido el que ha llevado la mejor comparecencia del momento, y hasta los cr\u00edticos de la Cuarta Transformeishion lo reconocieron en sus espacios\u2026 No es poco lo que debe de presumir: finalmente se termin\u00f3 de pagar la deuda que se ten\u00eda con la Universidad Veracruzana; adem\u00e1s es la primera administraci\u00f3n que ha logrado reducir el pasivo en m\u00e1s de 20 a\u00f1os, en 6,930 millones de pesos, lo que equivale a una disminuci\u00f3n del 11.6% y logrando con el refinanciamiento de la deuda bancaria reducir 10 a\u00f1os el pago\u2026 Precis\u00f3 que en el ejercicio fiscal que se informa, se increment\u00f3 en 172.5 por ciento el presupuesto ya que pas\u00f3 de 3 mil 994 a 10 mil 884 millones de pesos, para la ejecuci\u00f3n de obras en materia de salud, desarrollo social, infraestructura y obras p\u00fablicas\u2026 Un rubro que seguramente interesa mucho es del aguinaldo de cada a\u00f1o, pues con la crisis financiera que se viv\u00eda en Veracruz, siempre se llegaba a diciembre con la incertidumbre si iban a pagar a los empleados estatales. En este sentido, el secretario coment\u00f3 que cada a\u00f1o dependen en menor medida de cr\u00e9ditos de corto plazo: \u201cEn 2018 se solicitaron 2 mil 500 millones de pesos; en 2019 fueron 2 mil 400 y en 2020, mil 800. La meta que nos hemos planteado, es que para el \u00faltimo a\u00f1o (de la administraci\u00f3n, 2024) no tengamos que pedir un solo centavo\u201d. De esta manera, seg\u00fan el funcionario, se busca que la pr\u00f3xima administraci\u00f3n no recurra a cr\u00e9ditos para pagar\u2026 \u201cHoy los veracruzanos pueden estar tranquilos, pues sus pagos est\u00e1n asegurados\u201d, subray\u00f3.<\/p>\n\n\n\n<p><strong>LA \u00daLTIMA PORQUE YA EST\u00c1 HACIENDO EFECTO EL TRIPLE HELADO: <\/strong>Que el Congreso de Oaxaca mand\u00f3 a la gaver a Gustavo D\u00edaz S\u00e1nchez, alias \u201cEl Gato\u201d, diputado electo por el Partido Revolucionario Institucional (PRI), quien buscaba rendir protesta v\u00eda Zoom desde un penal federal de Michoac\u00e1n, donde se encuentra recluido acusado de homicidio, portaci\u00f3n de armas de fuego de uso exclusivo del Ej\u00e9rcito, posesi\u00f3n de estupefacientes y ultrajes a la autoridad. Sin embargo, de acuerdo al portal de la prestigiada revista Proceso, \u201cel oficio enviado el pasado 23 de noviembre a la Secretar\u00eda de Servicios Parlamentarios del Congreso de Oaxaca se qued\u00f3 archivado\u201d\u2026 Como se recordar\u00e1, D\u00edaz S\u00e1nchez \u2014se\u00f1alado como toda una fichita que opera en la zona lim\u00edtrofe de Veracruz y Oaxaca\u2014 fue detenido el pasado 4 de noviembre por los delitos de ultrajes a la autoridad, da\u00f1os y delitos contra la salud en Fort\u00edn de las Flores, Veracruz, cuando intent\u00f3 liberar a su hijo que hab\u00eda sido arrestado horas antes\u2026Posteriormente se le impuso prisi\u00f3n preventiva por presunto delito de homicidio y fue recluido en el Centro de Readaptaci\u00f3n Social n\u00famero 17, ubicado en el estado de Michoac\u00e1n\u2026 Definitivo, s\u00f3lo pod\u00eda haber un minino fuerte en Veracruz: el Beto Gato.<\/p>\n","protected":false},"excerpt":{"rendered":"<p>ColumnaSinNombre@pablojair En la tierra de YSQ hay Uber; ya d\u00e9jenlo operar en Veracruz Exitosa la comparecencia del secretario de Finanzas. Manda Congreso de Oaxaca a la gaver al diputado preso. \u00a1Qu\u00e9 raro! Monreal no dice nada de los muertosy violencia en su estado natal, Zacatecas\u2026\u2014Chopenjawer En verdad que da ternura ver al alcalde de Veracruz, [&hellip;]<\/p>\n","protected":false},"author":1,"featured_media":488,"comment_status":"open","ping_status":"open","sticky":false,"template":"","format":"standard","meta":{"_jetpack_memberships_contains_paid_content":false,"footnotes":""},"categories":[11],"tags":[],"class_list":["post-20722","post","type-post","status-publish","format-standard","has-post-thumbnail","hentry","category-opinion"],"jetpack_featured_media_url":"https:\/\/encuentroinformativo.com.mx\/wp-content\/uploads\/2020\/03\/F471F608-BA1A-416B-BA7B-BCFB24F4E6D0.jpeg","jetpack_sharing_enabled":true,"jetpack_likes_enabled":true,"amp_enabled":true,"_links":{"self":[{"href":"https:\/\/encuentroinformativo.com.mx\/index.php?rest_route=\/wp\/v2\/posts\/20722","targetHints":{"allow":["GET"]}}],"collection":[{"href":"https:\/\/encuentroinformativo.com.mx\/index.php?rest_route=\/wp\/v2\/posts"}],"about":[{"href":"https:\/\/encuentroinformativo.com.mx\/index.php?rest_route=\/wp\/v2\/types\/post"}],"author":[{"embeddable":true,"href":"https:\/\/encuentroinformativo.com.mx\/index.php?rest_route=\/wp\/v2\/users\/1"}],"replies":[{"embeddable":true,"href":"https:\/\/encuentroinformativo.com.mx\/index.php?rest_route=%2Fwp%2Fv2%2Fcomments&post=20722"}],"version-history":[{"count":1,"href":"https:\/\/encuentroinformativo.com.mx\/index.php?rest_route=\/wp\/v2\/posts\/20722\/revisions"}],"predecessor-version":[{"id":20723,"href":"https:\/\/encuentroinformativo.com.mx\/index.php?rest_route=\/wp\/v2\/posts\/20722\/revisions\/20723"}],"wp:featuredmedia":[{"embeddable":true,"href":"https:\/\/encuentroinformativo.com.mx\/index.php?rest_route=\/wp\/v2\/media\/488"}],"wp:attachment":[{"href":"https:\/\/encuentroinformativo.com.mx\/index.php?rest_route=%2Fwp%2Fv2%2Fmedia&parent=20722"}],"wp:term":[{"taxonomy":"category","embeddable":true,"href":"https:\/\/encuentroinformativo.com.mx\/index.php?rest_route=%2Fwp%2Fv2%2Fcategories&post=20722"},{"taxonomy":"post_tag","embeddable":true,"href":"https:\/\/encuentroinformativo.com.mx\/index.php?rest_route=%2Fwp%2Fv2%2Ftags&post=20722"}],"curies":[{"name":"wp","href":"https:\/\/api.w.org\/{rel}","templated":true}]}}