{"id":20724,"date":"2021-11-25T09:52:48","date_gmt":"2021-11-25T15:52:48","guid":{"rendered":"https:\/\/encuentroinformativo.com.mx\/?p=20724"},"modified":"2021-11-25T09:52:51","modified_gmt":"2021-11-25T15:52:51","slug":"bien-por-cuic-mal-por-chabe","status":"publish","type":"post","link":"https:\/\/encuentroinformativo.com.mx\/?p=20724","title":{"rendered":"Bien por Cuic, mal por Chabe"},"content":{"rendered":"\n<p><strong>Los Pol\u00edticos<\/strong><\/p>\n\n\n\n<p><strong>Salvador Mu\u00f1oz<\/strong><\/p>\n\n\n\n<p>Algo debe estar mal en el Poder Judicial del Estado para que a pesar de que un pueblo se manifieste, grite, patalee y lance consignas ante una evidente injusticia, no atienda el evento. Algo debe estar mal en el Poder Judicial del Estado para que s\u00f3lo act\u00fae cuando el Gobernador Cuitl\u00e1huac lo demande\u2026 digo, al final, resulta extraordinario que la sociedad tenga que aplaudirle al mandatario estatal como reconocimiento a su intervenci\u00f3n para que se d\u00e9 un paso en aras de que haya justicia, porque en donde debieran impartirla, nom\u00e1s no.<\/p>\n\n\n\n<p>Hace tres d\u00edas, en Huatusco, el ex diputado Antonio Garc\u00eda Reyes dio muerte a una menor de siete a\u00f1os. Los testigos hablan de que conduc\u00eda en estado de ebriedad. Lo raro del asunto es que el Juez decidi\u00f3 aplicar el Art\u00edculo 19 de la Constituci\u00f3n Pol\u00edtica de los Estados Unidos Mexicanos porque, seg\u00fan lo expresado por el abogado del ex legislador, todo indica que atropellar a una menor (o persona) y darle muerte, no es delito grave.<\/p>\n\n\n\n<p>Y s\u00ed, el Art\u00edculo de marras dice: \u201cEl juez ordenar\u00e1 la prisi\u00f3n preventiva oficiosamente, en los casos de abuso o violencia sexual contra menores, delincuencia organizada, homicidio doloso, feminicidio, violaci\u00f3n, secuestro, trata de personas, robo de casa habitaci\u00f3n, uso de programas sociales con fines electorales, corrupci\u00f3n trat\u00e1ndose de los delitos de enriquecimiento il\u00edcito y ejercicio abusivo de funciones, robo al transporte de carga en cualquiera de sus modalidades, delitos en materia de hidrocarburos, petrol\u00edferos o petroqu\u00edmicos, delitos en materia de desaparici\u00f3n forzada de personas y desaparici\u00f3n cometida por particulares, delitos cometidos con medios violentos como armas y explosivos, delitos en materia de armas de fuego y explosivos de uso exclusivo del Ej\u00e9rcito, la Armada y la Fuerza A\u00e9rea, as\u00ed como los delitos graves que determine la ley en contra de la seguridad de la naci\u00f3n, el libre desarrollo de la personalidad, y de la salud\u201d.<\/p>\n\n\n\n<p>\u00bfVac\u00edo legal? No lo s\u00e9, un abogado (que no sea el del ex diputado Antonio) lo puede entender o explicar mejor aunque en lo particular, me queda muy claro que si el ex diputado cometi\u00f3 un delito (imprudencial, pong\u00e1moslo as\u00ed) bien pudiera tener derecho a seguir su proceso en libertad, as\u00ed como el juez Luis Alberto Cobos lo hab\u00eda puesto, nom\u00e1s para que se presentara a firmar creo que cada semana, pero los testigos dicen que ven\u00eda en estado de ebriedad y por lo mismo, no hab\u00eda lugar para concederle libertad de ning\u00fan modo como bien la Fiscal\u00eda General del Estado lo demandaba.<\/p>\n\n\n\n<p>Por eso se entiende el malestar de familiares, amigos y conocidos de la menor muerta por el ex legislador y se entiende que hayan aventado piedras a la patrulla donde trasladaban a quien se supone, hac\u00eda leyes en la pasada LXV Legislatura, despu\u00e9s de que fuera puesto \u201cen libertad\u201d&#8230; es posible que tenga otro t\u00e9rmino legal\u2026 \u00bfmedida cautelar yendo a firmar cada semana? \u00a1No s\u00e9! lo que s\u00ed s\u00e9 es que para la gente es \u201cponerlo en libertad\u201d.<\/p>\n\n\n\n<p>\u00a1Pero qu\u00e9 bueno que el Gobernador haya alzado la voz ante este caso! (Que dicho sea de paso, no es la primera vez que lo hace; en otras ocasiones ha criticado el actuar de jueces, aunque ahora fuera en una situaci\u00f3n sensible socialmente hablando por las circunstancias que la rodean). Despu\u00e9s de que lo hiciera, el Consejo de la Judicatura sesion\u00f3 de manera extraordinaria y cesa al Juez de Huatusco&#8230;&nbsp;<\/p>\n\n\n\n<p>Y del \u201c\u00a1Qu\u00e9 bueno!\u201d pasamos a \u201c\u00a1Qu\u00e9 pinche pena!\u201d que el Gobernador venga a corregir la plana al Poder Judicial\u2026 \u00a1ahora resulta que es mejor Presidente de este Poder que Gobernador!<\/p>\n\n\n\n<p>\u00a1H\u00e1gase a un lado, Chabelita! Qu\u00e9 pena que ante lo obvio, se tenga que esperar a que el Gobernador ponga el grito en el cielo para que los veracruzanos aspiren a que haya justicia\u2026 como ahora se tendr\u00e1 que esperar a que detengan al ex diputado y se proceda contra el Juez si hay lugar para ello, porque un cese, no basta.<\/p>\n\n\n\n<p><a href=\"mailto:smcainito@gmail.com\" target=\"_blank\" rel=\"noreferrer noopener\">smcainito@gmail.com<\/a><\/p>\n","protected":false},"excerpt":{"rendered":"<p>Los Pol\u00edticos Salvador Mu\u00f1oz Algo debe estar mal en el Poder Judicial del Estado para que a pesar de que un pueblo se manifieste, grite, patalee y lance consignas ante una evidente injusticia, no atienda el evento. Algo debe estar mal en el Poder Judicial del Estado para que s\u00f3lo act\u00fae cuando el Gobernador Cuitl\u00e1huac [&hellip;]<\/p>\n","protected":false},"author":1,"featured_media":387,"comment_status":"open","ping_status":"open","sticky":false,"template":"","format":"standard","meta":{"_jetpack_memberships_contains_paid_content":false,"footnotes":""},"categories":[11],"tags":[],"class_list":["post-20724","post","type-post","status-publish","format-standard","has-post-thumbnail","hentry","category-opinion"],"jetpack_featured_media_url":"https:\/\/encuentroinformativo.com.mx\/wp-content\/uploads\/2020\/03\/7CF8A22B-2764-47BE-8F7F-38FE9E5D6A2F.jpeg","jetpack_sharing_enabled":true,"jetpack_likes_enabled":true,"amp_enabled":true,"_links":{"self":[{"href":"https:\/\/encuentroinformativo.com.mx\/index.php?rest_route=\/wp\/v2\/posts\/20724","targetHints":{"allow":["GET"]}}],"collection":[{"href":"https:\/\/encuentroinformativo.com.mx\/index.php?rest_route=\/wp\/v2\/posts"}],"about":[{"href":"https:\/\/encuentroinformativo.com.mx\/index.php?rest_route=\/wp\/v2\/types\/post"}],"author":[{"embeddable":true,"href":"https:\/\/encuentroinformativo.com.mx\/index.php?rest_route=\/wp\/v2\/users\/1"}],"replies":[{"embeddable":true,"href":"https:\/\/encuentroinformativo.com.mx\/index.php?rest_route=%2Fwp%2Fv2%2Fcomments&post=20724"}],"version-history":[{"count":1,"href":"https:\/\/encuentroinformativo.com.mx\/index.php?rest_route=\/wp\/v2\/posts\/20724\/revisions"}],"predecessor-version":[{"id":20725,"href":"https:\/\/encuentroinformativo.com.mx\/index.php?rest_route=\/wp\/v2\/posts\/20724\/revisions\/20725"}],"wp:featuredmedia":[{"embeddable":true,"href":"https:\/\/encuentroinformativo.com.mx\/index.php?rest_route=\/wp\/v2\/media\/387"}],"wp:attachment":[{"href":"https:\/\/encuentroinformativo.com.mx\/index.php?rest_route=%2Fwp%2Fv2%2Fmedia&parent=20724"}],"wp:term":[{"taxonomy":"category","embeddable":true,"href":"https:\/\/encuentroinformativo.com.mx\/index.php?rest_route=%2Fwp%2Fv2%2Fcategories&post=20724"},{"taxonomy":"post_tag","embeddable":true,"href":"https:\/\/encuentroinformativo.com.mx\/index.php?rest_route=%2Fwp%2Fv2%2Ftags&post=20724"}],"curies":[{"name":"wp","href":"https:\/\/api.w.org\/{rel}","templated":true}]}}