{"id":20726,"date":"2021-11-25T10:11:52","date_gmt":"2021-11-25T16:11:52","guid":{"rendered":"https:\/\/encuentroinformativo.com.mx\/?p=20726"},"modified":"2021-11-25T10:11:55","modified_gmt":"2021-11-25T16:11:55","slug":"padres-de-xico-protestan-en-la-sev-siguen-esperando-maestros","status":"publish","type":"post","link":"https:\/\/encuentroinformativo.com.mx\/?p=20726","title":{"rendered":"Padres de Xico, protestan en la SEV; siguen esperando maestros"},"content":{"rendered":"\n<p><strong>Juan Arcos\/Dar\u00edo Pale <\/strong><\/p>\n\n\n\n<p>Xalapa, Ver.- Despu\u00e9s de mantener tomadas las instalaciones de la escuela primaria &#8220;Adolfo L\u00f3pez Mateos&#8221; del municipio de Xico desde el pasado lunes y al no recibir ninguna respuesta los padres de familia escuela se manifestaron en las instalaciones de la Secretar\u00eda de Educaci\u00f3n de Veracruz (SEV), para solicitar maestros y revisi\u00f3n a plantel de m\u00e1s de 400 a\u00f1os.<\/p>\n\n\n\n<p>Los inconformes cerraron la entradas principales del edificio y sobre la fachada colocaron pancartas donde solicitan docentes de base para dos grupos: primero \u201cC\u201d y cuarto \u201cA\u201d.<\/p>\n\n\n\n<p>De acuerdo con Luc\u00eda Rodr\u00edguez Carre\u00f3n, integrante del comit\u00e9 de lucha de padres de familia, la escuela est\u00e1 tomada desde el pasado lunes 22 de noviembre, como una medida para presionar a las autoridades educativas.<\/p>\n\n\n\n<p>\u201cHay dos maestros que estamos solicitando y no nos hacen caso, ya metimos oficio, tenemos paro en la escuela y es la hora que las autoridades no nos han tomado en cuenta\u201d, expres\u00f3.<\/p>\n\n\n\n<p>La entrevistada enfatiz\u00f3 que los padres de familia no quieren \u201cmaestros de paso\u201d, que s\u00f3lo est\u00e9n unos d\u00edas en el plantel, pues requieren el recurso humano de manera permanente.<\/p>\n\n\n\n<p>Adem\u00e1s, se\u00f1al\u00f3 que el plantel requiere mantenimiento, pues fue construido desde hace m\u00e1s de 400 a\u00f1os, carece de apoyos de gobierno y los alumnos est\u00e1n en riesgo.<\/p>\n\n\n\n<p>\u201cNo nos llega ning\u00fan recurso de gobierno, nuestra escuela, supuestamente est\u00e1 gestionada como una escuela que no est\u00e1 en alto nivel de marginaci\u00f3n, pero no es as\u00ed\u201d.<\/p>\n\n\n\n<p>En el plantel tambi\u00e9n es necesaria la reparaci\u00f3n del techo de la cancha escolar, as\u00ed como de los equipos de c\u00f3mputo y el mantenimiento a toda la infraestructura educativa.<\/p>\n\n\n\n<p>\u201cPedimos apoyo para que vayan y verifiquen c\u00f3mo est\u00e1n las instalaciones porque nuestros hijos corren peligro. Otra cosa, nuestros hijos no pueden gestionar becas, porque dicen que la escuela est\u00e1 en pleno centro y no participa en ese proyecto\u201d.<\/p>\n\n\n\n<p>Por su parte, la presidenta del Comit\u00e9 de Lucha, Edmunda Jarillo Quijano, expuso que este plantel tiene m\u00e1s de 400 a\u00f1os, las paredes est\u00e1n agrietadas, que no ha recibido ning\u00fan mantenimiento, no hay ba\u00f1os y carecen de todo el mobiliario adecuado a pesar de que ya regresaron a clases presenciales.<\/p>\n\n\n\n<p>&#8220;Queremos que nos lleguen los recursos a esa escuela, no puede ser que sea una escuela del centro y que no haya ning\u00fan apoyo para esta escuela, queremos exigir las becas para todos los alumnos, es una escuela a la que no les llegaron las becas&#8221;, se\u00f1al\u00f3.<\/p>\n\n\n\n<p>El plantel se encuentra sobre la calle Benito Ju\u00e1rez, frente a la iglesia de Santa Mar\u00eda Magdalena, donde estudian 300 alumnos en el turno matutino y otros 200 en el vespertino.<\/p>\n\n\n\n<figure class=\"wp-block-image size-large\"><img loading=\"lazy\" decoding=\"async\" width=\"952\" height=\"713\" src=\"https:\/\/encuentroinformativo.com.mx\/wp-content\/uploads\/2021\/11\/6ADE9C5A-0A0C-4381-8DB4-3C8340E24915.jpeg\" alt=\"\" class=\"wp-image-20728\" srcset=\"https:\/\/encuentroinformativo.com.mx\/wp-content\/uploads\/2021\/11\/6ADE9C5A-0A0C-4381-8DB4-3C8340E24915.jpeg 952w, https:\/\/encuentroinformativo.com.mx\/wp-content\/uploads\/2021\/11\/6ADE9C5A-0A0C-4381-8DB4-3C8340E24915-300x225.jpeg 300w, https:\/\/encuentroinformativo.com.mx\/wp-content\/uploads\/2021\/11\/6ADE9C5A-0A0C-4381-8DB4-3C8340E24915-768x575.jpeg 768w\" sizes=\"auto, (max-width: 952px) 100vw, 952px\" \/><\/figure>\n","protected":false},"excerpt":{"rendered":"<p>Juan Arcos\/Dar\u00edo Pale Xalapa, Ver.- Despu\u00e9s de mantener tomadas las instalaciones de la escuela primaria &#8220;Adolfo L\u00f3pez Mateos&#8221; del municipio de Xico desde el pasado lunes y al no recibir ninguna respuesta los padres de familia escuela se manifestaron en las instalaciones de la Secretar\u00eda de Educaci\u00f3n de Veracruz (SEV), para solicitar maestros y revisi\u00f3n [&hellip;]<\/p>\n","protected":false},"author":1,"featured_media":20727,"comment_status":"open","ping_status":"open","sticky":false,"template":"","format":"standard","meta":{"_jetpack_memberships_contains_paid_content":false,"footnotes":""},"categories":[3],"tags":[],"class_list":["post-20726","post","type-post","status-publish","format-standard","has-post-thumbnail","hentry","category-xalapa"],"jetpack_featured_media_url":"https:\/\/encuentroinformativo.com.mx\/wp-content\/uploads\/2021\/11\/5AA15228-66AF-475B-B58A-6FFB37A76E6F.jpeg","jetpack_sharing_enabled":true,"jetpack_likes_enabled":true,"amp_enabled":true,"_links":{"self":[{"href":"https:\/\/encuentroinformativo.com.mx\/index.php?rest_route=\/wp\/v2\/posts\/20726","targetHints":{"allow":["GET"]}}],"collection":[{"href":"https:\/\/encuentroinformativo.com.mx\/index.php?rest_route=\/wp\/v2\/posts"}],"about":[{"href":"https:\/\/encuentroinformativo.com.mx\/index.php?rest_route=\/wp\/v2\/types\/post"}],"author":[{"embeddable":true,"href":"https:\/\/encuentroinformativo.com.mx\/index.php?rest_route=\/wp\/v2\/users\/1"}],"replies":[{"embeddable":true,"href":"https:\/\/encuentroinformativo.com.mx\/index.php?rest_route=%2Fwp%2Fv2%2Fcomments&post=20726"}],"version-history":[{"count":1,"href":"https:\/\/encuentroinformativo.com.mx\/index.php?rest_route=\/wp\/v2\/posts\/20726\/revisions"}],"predecessor-version":[{"id":20729,"href":"https:\/\/encuentroinformativo.com.mx\/index.php?rest_route=\/wp\/v2\/posts\/20726\/revisions\/20729"}],"wp:featuredmedia":[{"embeddable":true,"href":"https:\/\/encuentroinformativo.com.mx\/index.php?rest_route=\/wp\/v2\/media\/20727"}],"wp:attachment":[{"href":"https:\/\/encuentroinformativo.com.mx\/index.php?rest_route=%2Fwp%2Fv2%2Fmedia&parent=20726"}],"wp:term":[{"taxonomy":"category","embeddable":true,"href":"https:\/\/encuentroinformativo.com.mx\/index.php?rest_route=%2Fwp%2Fv2%2Fcategories&post=20726"},{"taxonomy":"post_tag","embeddable":true,"href":"https:\/\/encuentroinformativo.com.mx\/index.php?rest_route=%2Fwp%2Fv2%2Ftags&post=20726"}],"curies":[{"name":"wp","href":"https:\/\/api.w.org\/{rel}","templated":true}]}}