{"id":20730,"date":"2021-11-25T12:08:09","date_gmt":"2021-11-25T18:08:09","guid":{"rendered":"https:\/\/encuentroinformativo.com.mx\/?p=20730"},"modified":"2021-11-25T12:08:13","modified_gmt":"2021-11-25T18:08:13","slug":"reclaman-activistas-nombrar-titular-en-ivm","status":"publish","type":"post","link":"https:\/\/encuentroinformativo.com.mx\/?p=20730","title":{"rendered":"Reclaman activistas nombrar titular en IVM"},"content":{"rendered":"\n<p><strong>Alejandro \u00c1vila<\/strong><\/p>\n\n\n\n<p>Veracruz, Ver.- El secretario de Gobierno, Eric Patrocinio Cisneros Burgos, tiene que respetar los actuales Consejos y designar a la brevedad una directora del Instituto Veracruzano de las Mujeres, sin ratificar a la Encargada de Despacho, se\u00f1al\u00f3 tajantemente, la activista Belem Palmeros Exsome.<\/p>\n\n\n\n<p>Belem Palmeros aclar\u00f3 que desde la llegada de la actual administraci\u00f3n estatal, el IVM fue desde\u00f1ado, motivo por el cual no se renovaron los Consejos que se eligieron con el pasado gobernador y que cumplieron su ciclo hace dos a\u00f1os.<\/p>\n\n\n\n<p>&#8220;Por otro lado, cuando llega la nueva encargada de despacho, cuando renuncia la pasada directora, el Consejo rapidamente, tanto el Consejo Social como el Consejo Consultivo sacan la convocatoria de la nueva directora, la convocatoria p\u00fablica para que una se registre con las atribuciones, pero simplemente el secretario no la sac\u00f3, osea, hubo omisi\u00f3n de su parte, as\u00ed con todas las letras lo digo&#8221;, agreg\u00f3.<\/p>\n\n\n\n<p>Si bien reconoci\u00f3 la activista, las actuales consejeras son emanadas de la pasada administraci\u00f3n estatal, estas deben de ser respetadas, pues a\u00fan gozan del cargo ya que la ley as\u00ed lo establece.<\/p>\n\n\n\n<p>&#8220;Efectivamente, fueron consejeras que se eligieron en la pasada administraci\u00f3n, pero son Consejeras y son Consejeras por ley, a las cuales se les tiene que tener respeto por que ellas ciudadanizan lo que es el Instituto Veracruzano de las Mujeres&#8221;, subray\u00f3.<\/p>\n\n\n\n<p>La activista aclar\u00f3 que el IVM tiene una ley espec\u00edfica de los Consejos, de las atribuciones de la directora y como es que se escoge a una nueva titular del cargo principal; por lo que si bien es cierto, a la actual Encargada de Despacho el Consejo y la Junta de Gobierno le otorgaron tener todas las atribuciones de directora, &#8220;a\u00fan as\u00ed, sigue siendo una Encargada de Despacho&#8221;.<\/p>\n\n\n\n<p>&#8220;No la pueden ratificar, ella s\u00ed podr\u00e1 participar en la convocatoria, porque realmente no se lo impide la ley, pero no debiera, porque es una convocatoria p\u00fablica, una convocatoria abierta, donde ella estando adentro, pues realmente no podr\u00eda participar porque ya sabe quienes est\u00e1n en el Consejo, entonces deja en desventaja a la dem\u00e1s compa\u00f1eras&#8221;, remat\u00f3.<\/p>\n\n\n\n<p>Finalmente, cabe recordar que el pasado lunes en la comparecencia del secretario de Gobierno, se\u00f1al\u00f3 que se designar\u00e1 a una nueva directora en enero de 2022 y que no descartaba ratificar a la actual Encargada de Despacho.<\/p>\n","protected":false},"excerpt":{"rendered":"<p>Alejandro \u00c1vila Veracruz, Ver.- El secretario de Gobierno, Eric Patrocinio Cisneros Burgos, tiene que respetar los actuales Consejos y designar a la brevedad una directora del Instituto Veracruzano de las Mujeres, sin ratificar a la Encargada de Despacho, se\u00f1al\u00f3 tajantemente, la activista Belem Palmeros Exsome. Belem Palmeros aclar\u00f3 que desde la llegada de la actual [&hellip;]<\/p>\n","protected":false},"author":1,"featured_media":20731,"comment_status":"open","ping_status":"open","sticky":false,"template":"","format":"standard","meta":{"_jetpack_memberships_contains_paid_content":false,"footnotes":""},"categories":[2],"tags":[],"class_list":["post-20730","post","type-post","status-publish","format-standard","has-post-thumbnail","hentry","category-estado"],"jetpack_featured_media_url":"https:\/\/encuentroinformativo.com.mx\/wp-content\/uploads\/2021\/11\/54559296-DA89-439D-8589-592CA11E1EA6.jpeg","jetpack_sharing_enabled":true,"jetpack_likes_enabled":true,"amp_enabled":true,"_links":{"self":[{"href":"https:\/\/encuentroinformativo.com.mx\/index.php?rest_route=\/wp\/v2\/posts\/20730","targetHints":{"allow":["GET"]}}],"collection":[{"href":"https:\/\/encuentroinformativo.com.mx\/index.php?rest_route=\/wp\/v2\/posts"}],"about":[{"href":"https:\/\/encuentroinformativo.com.mx\/index.php?rest_route=\/wp\/v2\/types\/post"}],"author":[{"embeddable":true,"href":"https:\/\/encuentroinformativo.com.mx\/index.php?rest_route=\/wp\/v2\/users\/1"}],"replies":[{"embeddable":true,"href":"https:\/\/encuentroinformativo.com.mx\/index.php?rest_route=%2Fwp%2Fv2%2Fcomments&post=20730"}],"version-history":[{"count":1,"href":"https:\/\/encuentroinformativo.com.mx\/index.php?rest_route=\/wp\/v2\/posts\/20730\/revisions"}],"predecessor-version":[{"id":20732,"href":"https:\/\/encuentroinformativo.com.mx\/index.php?rest_route=\/wp\/v2\/posts\/20730\/revisions\/20732"}],"wp:featuredmedia":[{"embeddable":true,"href":"https:\/\/encuentroinformativo.com.mx\/index.php?rest_route=\/wp\/v2\/media\/20731"}],"wp:attachment":[{"href":"https:\/\/encuentroinformativo.com.mx\/index.php?rest_route=%2Fwp%2Fv2%2Fmedia&parent=20730"}],"wp:term":[{"taxonomy":"category","embeddable":true,"href":"https:\/\/encuentroinformativo.com.mx\/index.php?rest_route=%2Fwp%2Fv2%2Fcategories&post=20730"},{"taxonomy":"post_tag","embeddable":true,"href":"https:\/\/encuentroinformativo.com.mx\/index.php?rest_route=%2Fwp%2Fv2%2Ftags&post=20730"}],"curies":[{"name":"wp","href":"https:\/\/api.w.org\/{rel}","templated":true}]}}