{"id":20734,"date":"2021-11-25T12:44:45","date_gmt":"2021-11-25T18:44:45","guid":{"rendered":"https:\/\/encuentroinformativo.com.mx\/?p=20734"},"modified":"2021-11-25T12:44:49","modified_gmt":"2021-11-25T18:44:49","slug":"prevalece-impunidad-en-casos-de-personas-desaparecidas-colectivo","status":"publish","type":"post","link":"https:\/\/encuentroinformativo.com.mx\/?p=20734","title":{"rendered":"Prevalece impunidad en casos de personas desaparecidas: Colectivo"},"content":{"rendered":"\n<p><strong>Dar\u00edo Pale<\/strong> <\/p>\n\n\n\n<p>Xalapa, Ver.- Integrantes del Colectivo de b\u00fasqueda de desaparecidos &#8220;Familiares en B\u00fasqueda Xalapa&#8221;, se\u00f1alaron que lamentablemente muchos de los casos de desaparecidos contin\u00faan en la impunidad debido a que la Fiscal\u00eda General del Estado (FGE), ha hecho caso omiso y muchos expedientes han sido archivados.<\/p>\n\n\n\n<p>Entrevistados en conocido caf\u00e9 del centro Beatriz Torres Suleta y Fabiola Pensado, \u00a0dieron a conocer que el d\u00eda de hoy a las 17:00 horas en el parque Ju\u00e1rez se realizar\u00e1 una exposici\u00f3n fotogr\u00e1fica y lustraci\u00f3n as\u00ed como un cine documental donde mostrar\u00e1n un poco de la vida de sus familiares.<\/p>\n\n\n\n<p>Lament\u00f3 que la sociedad est\u00e1 acostumbrada a ver n\u00fameros y pues esto es un trabajo donde salen con sus hijos para verlos como personas y no s\u00f3lo como n\u00fameros, ya que no tienen verdad ni justicia, pero la memoria es lo que siempre quieren conservar y no quieren que ellos sean olvidados nunca.<\/p>\n\n\n\n<p>El documental lo realiz\u00f3 el Centro de Derechos Humanos Toaltepeyolo, son varios videos de diferentes regiones del estado y fotograf\u00edas donde hacen unos montajes para simular que est\u00e1n los familiares con los desaparecidos lo cual es impactante, lo cual es para visivilizar la situaci\u00f3n ya que contin\u00faan las desapariciones en el estado.<\/p>\n\n\n\n<p>Comentaron que quieren recordar al estado que d\u00eda a d\u00eda est\u00e1n aumentado notablemente las desapariciones, en esta exposici\u00f3n participan de diferentes ciudades y colectivos para que nunca los olviden y solicitar el apoyo a la sociedad para que no juzgue, critique sin saber ya que el gobierno no est\u00e1 haciendo lo que tiene que hacer y gracias a eso ellas est\u00e1n viviendo este viacrusis.<\/p>\n\n\n\n<p>&#8220;Porque gracias al Gobierno estamos viviendo este viacrucis&#8230; yo creo que ustedes saben, como reporteros que en vez de que paren las desapariciones, no, aunque las autoridades digan que ha disminuido, no s\u00e9 en qu\u00e9 parte o en d\u00f3nde viven que realmente est\u00e9n viviendo la realidad que nosotros vivimos como familiares de desaparecidos, que hacemos acompa\u00f1amientos a nuevas familias que est\u00e1n viviendo estas desgracias, \u00bfHasta cu\u00e1ndo va a terminar esto?, no lo s\u00e9, pero yo creo que es levantar la voz y exigirle al Gobierno que haga su trabajo&#8221;, se\u00f1al\u00f3 Torres Zuleta.<\/p>\n\n\n\n<p>Expresaron que est\u00e1n luchando contra un &#8220;mounstro&#8221; que es el Gobierno, ya que las desapariciones de personas contin\u00faan y cada vez hay m\u00e1s, pero m\u00e1s bien pareciera que los servidores p\u00fablicos viven en otra realidad.<\/p>\n\n\n\n<p>&#8220;Decirle al Gobierno que no est\u00e1n haciendo su trabajo, ellos deber\u00edan estar haciendo esto, ya que no nos dan justicia, por lo menos deber\u00edan facilitarnos este tipo de actos porque es muy burocr\u00e1tico pedir permisos&#8221;, se\u00f1al\u00f3.<\/p>\n\n\n\n<p>&#8220;Es algo que deber\u00eda que estar haciendo el Gobierno pero, como todo, lo estamos haciendo las familias. No hay justicia porque no hay verdad, al no haber investigaci\u00f3n, planes de b\u00fasqueda real, l\u00edneas de investigaci\u00f3n, no sabemos que pas\u00f3 con ellos&#8221;, agreg\u00f3.<\/p>\n\n\n\n<p>La madre de Argenis Josimar Pensado Barrera, lament\u00f3 que hasta este momento la fiscal general, Ver\u00f3nica Hern\u00e1ndez Giad\u00e1ns no los haya recibido, que no se haya reunido con todos los colectivos, de igual forma se\u00f1al\u00f3 que sin la labor de exigencia de los colectivos, las diversas fiscal\u00edas archivar\u00edan los casos.<\/p>\n\n\n\n<p>&#8220;Yo creo que las que est\u00e1n activas son de los que estamos presentes, de los colectivos, pero he visto a muchas personas que tienen muchos a\u00f1os y quieren ver sus casos y no encuentran ni las carpetas&#8221;, acus\u00f3.<\/p>\n\n\n\n<p>Este d\u00eda se har\u00e1 la presentaci\u00f3n de fotograf\u00edas y cine-documental sobre sus seres queridos en donde se muestra un poco su vida, se trata de un trabajo del Centro de Derechos Humanos Toaltepeyolo A.C. para visibilizar la problem\u00e1tica y que no s\u00f3lo son parte de las cifras, sino que son personas.<\/p>\n\n\n\n<p>Finalmente se\u00f1alaron que &#8220;es por la memoria de ellos, a los familiares nos toca esa parte, no tenemos verdad, no tenemos justicia, pero la memoria es lo que siempre queremos conservar y no queremos que los olviden&#8221;.<\/p>\n","protected":false},"excerpt":{"rendered":"<p>Dar\u00edo Pale Xalapa, Ver.- Integrantes del Colectivo de b\u00fasqueda de desaparecidos &#8220;Familiares en B\u00fasqueda Xalapa&#8221;, se\u00f1alaron que lamentablemente muchos de los casos de desaparecidos contin\u00faan en la impunidad debido a que la Fiscal\u00eda General del Estado (FGE), ha hecho caso omiso y muchos expedientes han sido archivados. Entrevistados en conocido caf\u00e9 del centro Beatriz Torres [&hellip;]<\/p>\n","protected":false},"author":1,"featured_media":20735,"comment_status":"open","ping_status":"open","sticky":false,"template":"","format":"standard","meta":{"_jetpack_memberships_contains_paid_content":false,"footnotes":""},"categories":[3],"tags":[],"class_list":["post-20734","post","type-post","status-publish","format-standard","has-post-thumbnail","hentry","category-xalapa"],"jetpack_featured_media_url":"https:\/\/encuentroinformativo.com.mx\/wp-content\/uploads\/2021\/11\/AE7DEB8E-6C58-4C19-811D-1DCDECAC10BB.jpeg","jetpack_sharing_enabled":true,"jetpack_likes_enabled":true,"amp_enabled":true,"_links":{"self":[{"href":"https:\/\/encuentroinformativo.com.mx\/index.php?rest_route=\/wp\/v2\/posts\/20734","targetHints":{"allow":["GET"]}}],"collection":[{"href":"https:\/\/encuentroinformativo.com.mx\/index.php?rest_route=\/wp\/v2\/posts"}],"about":[{"href":"https:\/\/encuentroinformativo.com.mx\/index.php?rest_route=\/wp\/v2\/types\/post"}],"author":[{"embeddable":true,"href":"https:\/\/encuentroinformativo.com.mx\/index.php?rest_route=\/wp\/v2\/users\/1"}],"replies":[{"embeddable":true,"href":"https:\/\/encuentroinformativo.com.mx\/index.php?rest_route=%2Fwp%2Fv2%2Fcomments&post=20734"}],"version-history":[{"count":1,"href":"https:\/\/encuentroinformativo.com.mx\/index.php?rest_route=\/wp\/v2\/posts\/20734\/revisions"}],"predecessor-version":[{"id":20736,"href":"https:\/\/encuentroinformativo.com.mx\/index.php?rest_route=\/wp\/v2\/posts\/20734\/revisions\/20736"}],"wp:featuredmedia":[{"embeddable":true,"href":"https:\/\/encuentroinformativo.com.mx\/index.php?rest_route=\/wp\/v2\/media\/20735"}],"wp:attachment":[{"href":"https:\/\/encuentroinformativo.com.mx\/index.php?rest_route=%2Fwp%2Fv2%2Fmedia&parent=20734"}],"wp:term":[{"taxonomy":"category","embeddable":true,"href":"https:\/\/encuentroinformativo.com.mx\/index.php?rest_route=%2Fwp%2Fv2%2Fcategories&post=20734"},{"taxonomy":"post_tag","embeddable":true,"href":"https:\/\/encuentroinformativo.com.mx\/index.php?rest_route=%2Fwp%2Fv2%2Ftags&post=20734"}],"curies":[{"name":"wp","href":"https:\/\/api.w.org\/{rel}","templated":true}]}}