{"id":20743,"date":"2021-11-25T14:24:37","date_gmt":"2021-11-25T20:24:37","guid":{"rendered":"https:\/\/encuentroinformativo.com.mx\/?p=20743"},"modified":"2021-11-25T14:24:41","modified_gmt":"2021-11-25T20:24:41","slug":"marchan-extrabajadores-de-sas-autoridades-los-olvidaron-senalan","status":"publish","type":"post","link":"https:\/\/encuentroinformativo.com.mx\/?p=20743","title":{"rendered":"Marchan extrabajadores de SAS;  autoridades los olvidaron, se\u00f1alan"},"content":{"rendered":"\n<p><strong>Alejandro \u00c1vila<\/strong><\/p>\n\n\n\n<p>Veracruz, Ver.- A cinco a\u00f1os de haber sido despedidos por dar entrada a Grupo MAS, ex trabajadores del Sistema de Agua y Saneamiento (SAS), marcharon desde su ex oficina sede con rumbo al z\u00f3calo de Veracruz, acusando ser olvidado por Legisladores y Alcaldes.<\/p>\n\n\n\n<p>Angelica Navarrete, l\u00edder sindical y quien en campa\u00f1a apoy\u00f3 junto con su grupo a MORENA, pues el diputado Juan Javier G\u00f3mez Cazar\u00edn les prometi\u00f3 su respaldo, solicit\u00f3 a la nueva Legislatura que cancele la concesi\u00f3n Grupo MAS, ya que aseguran no han cumplido con lo prometido en su contrato.<\/p>\n\n\n\n<p>&#8220;Fue falso lo que prometieron. Hoy con el Congreso totalmente de MORENA deben tomar cartas en el asunto, no deben fallarle a los ciudadanos, en especial el d\u00eda de hoy que van a dar un punto de acuerdo en el tema del agua&#8221;, remat\u00f3 Ang\u00e9lica Navarrete.<\/p>\n\n\n\n<p>&#8220;Buscamos justicia, que la concesi\u00f3n se cancele, hay suficientes motivos para que el congreso del estado cancele la concesi\u00f3n&#8221;.<\/p>\n\n\n\n<p>Se\u00f1alan que a cinco a\u00f1os de que Grupo M\u00e1s tomar\u00e1 el control del servicio, ha ido empeorando la distribuci\u00f3n de agua potable.<\/p>\n\n\n\n<p>&#8220;Est\u00e1n fuera de control las plantas, hay m\u00e1s fugas, hay mas escasez de agua y no vemos motivos por la cual no cancelar la concesi\u00f3n del agua, se debe cancelar por el bien de los ciudadanos de los 3 municipios&#8221;.<\/p>\n","protected":false},"excerpt":{"rendered":"<p>Alejandro \u00c1vila Veracruz, Ver.- A cinco a\u00f1os de haber sido despedidos por dar entrada a Grupo MAS, ex trabajadores del Sistema de Agua y Saneamiento (SAS), marcharon desde su ex oficina sede con rumbo al z\u00f3calo de Veracruz, acusando ser olvidado por Legisladores y Alcaldes. Angelica Navarrete, l\u00edder sindical y quien en campa\u00f1a apoy\u00f3 junto [&hellip;]<\/p>\n","protected":false},"author":1,"featured_media":20744,"comment_status":"open","ping_status":"open","sticky":false,"template":"","format":"standard","meta":{"_jetpack_memberships_contains_paid_content":false,"footnotes":""},"categories":[2],"tags":[],"class_list":["post-20743","post","type-post","status-publish","format-standard","has-post-thumbnail","hentry","category-estado"],"jetpack_featured_media_url":"https:\/\/encuentroinformativo.com.mx\/wp-content\/uploads\/2021\/11\/BF98DDDF-01D8-4081-BCCB-C3123DBDB7C6.jpeg","jetpack_sharing_enabled":true,"jetpack_likes_enabled":true,"amp_enabled":true,"_links":{"self":[{"href":"https:\/\/encuentroinformativo.com.mx\/index.php?rest_route=\/wp\/v2\/posts\/20743","targetHints":{"allow":["GET"]}}],"collection":[{"href":"https:\/\/encuentroinformativo.com.mx\/index.php?rest_route=\/wp\/v2\/posts"}],"about":[{"href":"https:\/\/encuentroinformativo.com.mx\/index.php?rest_route=\/wp\/v2\/types\/post"}],"author":[{"embeddable":true,"href":"https:\/\/encuentroinformativo.com.mx\/index.php?rest_route=\/wp\/v2\/users\/1"}],"replies":[{"embeddable":true,"href":"https:\/\/encuentroinformativo.com.mx\/index.php?rest_route=%2Fwp%2Fv2%2Fcomments&post=20743"}],"version-history":[{"count":1,"href":"https:\/\/encuentroinformativo.com.mx\/index.php?rest_route=\/wp\/v2\/posts\/20743\/revisions"}],"predecessor-version":[{"id":20745,"href":"https:\/\/encuentroinformativo.com.mx\/index.php?rest_route=\/wp\/v2\/posts\/20743\/revisions\/20745"}],"wp:featuredmedia":[{"embeddable":true,"href":"https:\/\/encuentroinformativo.com.mx\/index.php?rest_route=\/wp\/v2\/media\/20744"}],"wp:attachment":[{"href":"https:\/\/encuentroinformativo.com.mx\/index.php?rest_route=%2Fwp%2Fv2%2Fmedia&parent=20743"}],"wp:term":[{"taxonomy":"category","embeddable":true,"href":"https:\/\/encuentroinformativo.com.mx\/index.php?rest_route=%2Fwp%2Fv2%2Fcategories&post=20743"},{"taxonomy":"post_tag","embeddable":true,"href":"https:\/\/encuentroinformativo.com.mx\/index.php?rest_route=%2Fwp%2Fv2%2Ftags&post=20743"}],"curies":[{"name":"wp","href":"https:\/\/api.w.org\/{rel}","templated":true}]}}