{"id":20746,"date":"2021-11-25T15:19:38","date_gmt":"2021-11-25T21:19:38","guid":{"rendered":"https:\/\/encuentroinformativo.com.mx\/?p=20746"},"modified":"2021-11-25T15:19:41","modified_gmt":"2021-11-25T21:19:41","slug":"en-boca-piden-mayor-vigilancia-en-colonias-populares","status":"publish","type":"post","link":"https:\/\/encuentroinformativo.com.mx\/?p=20746","title":{"rendered":"En Boca, piden mayor vigilancia en colonias populares"},"content":{"rendered":"\n<p><strong>Alejandro \u00c1vila<\/strong><\/p>\n\n\n\n<p>Veracruz, Ver.- El alcalde electo de Boca del R\u00edo, Juan Manuel Unanue Abascal, reconoci\u00f3 que en campa\u00f1a los boque\u00f1os le solicitaron mayor patrullaje y presencia policial, sobre todo en colonias populares.<\/p>\n\n\n\n<p>Previo a una reuni\u00f3n con agremiados a la C\u00e1mara Nacional de Comercio (CANACO) delegaci\u00f3n Veracruz, asegur\u00f3 que en Boca del R\u00edo se persive un ambiente de tranquilidad, pero brindar\u00e1n el apoyo que necesite la poblaci\u00f3n.<\/p>\n\n\n\n<p>&#8220;Nosotros estamos con una actitud positiva para hacer lo que se tenga que hacer, para que los ciudadanos de Boca del R\u00edo de una u otra forma se sientan seguros (\u2026) faltan atender algunas cuestiones y lo haremos en su momento&#8221;.<\/p>\n\n\n\n<p>&#8220;Algunas colonias populares sobre todo, hay robos en tiendas de autoservicio a\u00fan y se atender\u00e1n esos temas de manera inmediata, lo bueno es que tenemos conocimiento en lo general de lo que hace falta y lo atenderemos a partir del primer d\u00eda&#8221;, resalt\u00f3.<\/p>\n\n\n\n<p>Finalmente, dijo que la propuesta del gobernador Cuitl\u00e1huac Garc\u00eda Jim\u00e9nez, donde invit\u00f3 a los municipios a firmar un convenio para que sea el Estado quien cobre su impuesto predial, solo conviene a municipios chicos, por lo que en definitiva Boca del R\u00edo no se sumar\u00e1 a esta propuesta, que aclar\u00f3 es opcional.<\/p>\n","protected":false},"excerpt":{"rendered":"<p>Alejandro \u00c1vila Veracruz, Ver.- El alcalde electo de Boca del R\u00edo, Juan Manuel Unanue Abascal, reconoci\u00f3 que en campa\u00f1a los boque\u00f1os le solicitaron mayor patrullaje y presencia policial, sobre todo en colonias populares. Previo a una reuni\u00f3n con agremiados a la C\u00e1mara Nacional de Comercio (CANACO) delegaci\u00f3n Veracruz, asegur\u00f3 que en Boca del R\u00edo se [&hellip;]<\/p>\n","protected":false},"author":1,"featured_media":20747,"comment_status":"open","ping_status":"open","sticky":false,"template":"","format":"standard","meta":{"_jetpack_memberships_contains_paid_content":false,"footnotes":""},"categories":[2],"tags":[],"class_list":["post-20746","post","type-post","status-publish","format-standard","has-post-thumbnail","hentry","category-estado"],"jetpack_featured_media_url":"https:\/\/encuentroinformativo.com.mx\/wp-content\/uploads\/2021\/11\/30DF0DAB-27B4-4792-BD72-DB8401004874.jpeg","jetpack_sharing_enabled":true,"jetpack_likes_enabled":true,"amp_enabled":true,"_links":{"self":[{"href":"https:\/\/encuentroinformativo.com.mx\/index.php?rest_route=\/wp\/v2\/posts\/20746","targetHints":{"allow":["GET"]}}],"collection":[{"href":"https:\/\/encuentroinformativo.com.mx\/index.php?rest_route=\/wp\/v2\/posts"}],"about":[{"href":"https:\/\/encuentroinformativo.com.mx\/index.php?rest_route=\/wp\/v2\/types\/post"}],"author":[{"embeddable":true,"href":"https:\/\/encuentroinformativo.com.mx\/index.php?rest_route=\/wp\/v2\/users\/1"}],"replies":[{"embeddable":true,"href":"https:\/\/encuentroinformativo.com.mx\/index.php?rest_route=%2Fwp%2Fv2%2Fcomments&post=20746"}],"version-history":[{"count":1,"href":"https:\/\/encuentroinformativo.com.mx\/index.php?rest_route=\/wp\/v2\/posts\/20746\/revisions"}],"predecessor-version":[{"id":20748,"href":"https:\/\/encuentroinformativo.com.mx\/index.php?rest_route=\/wp\/v2\/posts\/20746\/revisions\/20748"}],"wp:featuredmedia":[{"embeddable":true,"href":"https:\/\/encuentroinformativo.com.mx\/index.php?rest_route=\/wp\/v2\/media\/20747"}],"wp:attachment":[{"href":"https:\/\/encuentroinformativo.com.mx\/index.php?rest_route=%2Fwp%2Fv2%2Fmedia&parent=20746"}],"wp:term":[{"taxonomy":"category","embeddable":true,"href":"https:\/\/encuentroinformativo.com.mx\/index.php?rest_route=%2Fwp%2Fv2%2Fcategories&post=20746"},{"taxonomy":"post_tag","embeddable":true,"href":"https:\/\/encuentroinformativo.com.mx\/index.php?rest_route=%2Fwp%2Fv2%2Ftags&post=20746"}],"curies":[{"name":"wp","href":"https:\/\/api.w.org\/{rel}","templated":true}]}}