{"id":20752,"date":"2021-11-25T16:40:38","date_gmt":"2021-11-25T22:40:38","guid":{"rendered":"https:\/\/encuentroinformativo.com.mx\/?p=20752"},"modified":"2021-11-25T16:40:41","modified_gmt":"2021-11-25T22:40:41","slug":"proponen-crear-fiscalia-para-atender-crimenes-de-odio","status":"publish","type":"post","link":"https:\/\/encuentroinformativo.com.mx\/?p=20752","title":{"rendered":"Proponen crear Fiscal\u00eda para atender cr\u00edmenes de odio"},"content":{"rendered":"\n<p><strong>Dar\u00edo Pale<\/strong> <\/p>\n\n\n\n<p>Xalapa, Ver.- El diputado local del Partido del Trabajo (PT), Ram\u00f3n D\u00edaz \u00c1vila present\u00f3 una iniciativa para la creaci\u00f3n de Fiscal\u00eda Especializada en materia de delitos de odio y discriminaci\u00f3n.<\/p>\n\n\n\n<p>El legislador dijo que entre 2015 y hasta el 17 de octubre del a\u00f1o se han registrado 140 cr\u00edmenes de odio.<\/p>\n\n\n\n<p>En sesi\u00f3n del Congreso del Estado propuso la creaci\u00f3n de la Fiscal\u00eda Especializada en materia de delitos de odio y discriminaci\u00f3n por orientaci\u00f3n sexual, preferencia sexual, identidad y\/o expresi\u00f3n sexo gen\u00e9rica.<\/p>\n\n\n\n<p>Para lo cual present\u00f3 la iniciativa con proyecto de decreto para reformar disposiciones de la Ley Org\u00e1nica de la Fiscal\u00eda General del Estado, ya que la finalidad de esto, dijo, \u00a0es que este organismo cuente con un \u00e1rea de atenci\u00f3n especializada para los cr\u00edmenes y agresiones de odio, y es que al subir a tribuna, inform\u00f3 que entre 2015 y hasta el 17 de octubre del a\u00f1o en curso la Coalici\u00f3n Estatal LGBTTTIQ+ ha registrado 140 casos de cr\u00edmenes de odio.<\/p>\n\n\n\n<p>Refiri\u00f3 que el a\u00f1o 2019 fue el que registr\u00f3 el mayor n\u00famero de casos en contra de integrantes de la comunidad LGBT+, \u201caqu\u00ed hay trazos de odio, es ante todo un odio social, organizado institucionalmente e inscrito simb\u00f3licamente en el lenguaje del desprecio, los insultos, las burlas, los chistes. Los homosexuales, las personas transg\u00e9nero y las lesbianas, especialmente cuando asumen algunos rasgos o comportamientos que son considerados impropios en cierto orden de sexo-g\u00e9nero, son objeto de desprecio y estigmatizaci\u00f3n sistem\u00e1tica y forman parte del campo de las emociones sociales negativas hacia las identidades y las pr\u00e1cticas no heterosexuales\u201d.<\/p>\n\n\n\n<p>El legislador del PT declar\u00f3 que la Comisi\u00f3n Interamericana considera que el reconocimiento de derechos de las personas LGBTTTIQ+ es un factor fundamental para alcanzar la igualdad, dignidad y no discriminaci\u00f3n, as\u00ed como para combatir la violencia a que estas personas est\u00e1n sometidas, con el fin de construir o alcanzar una sociedad m\u00e1s justa. Dicha Comisi\u00f3n, entiende que, por lo general, el reconocimiento jur\u00eddico proporcionado por leyes que garantizan derechos y deberes, ocurre usualmente como consecuencia del reconocimiento conferido previamente por la sociedad.<\/p>\n\n\n\n<p>Por ello, dijo la CIDH recomend\u00f3 anteriormente a los Estados adoptar una legislaci\u00f3n contra los cr\u00edmenes de odio o cr\u00edmenes por prejuicio, a trav\u00e9s de enmiendas a la legislaci\u00f3n existente o a trav\u00e9s de la emisi\u00f3n de nuevas leyes, con el fin de identificar, juzgar y sancionar la violencia por prejuicio contra las personas por su orientaci\u00f3n sexual, identidad de g\u00e9nero, y diversidad corporal.<\/p>\n\n\n\n<p>\u201cUna de las medidas concretas que los Estados de la regi\u00f3n vienen adoptando en aras de proveer una respuesta judicial efectiva frente a violaciones contra personas LGBTTTIQ+, es la creaci\u00f3n de unidades especializadas de investigaci\u00f3n y la capacitaci\u00f3n de funcionarios del sistema de administraci\u00f3n de justicia\u201d, se\u00f1al\u00f3.<\/p>\n\n\n\n<p>Finalmente el diputado Ram\u00f3n D\u00edaz coment\u00f3 que para el desarrollo de sus funciones, esta Fiscal\u00eda, se auxiliar\u00e1 de la Polic\u00eda Ministerial as\u00ed como de los Servicios Periciales que, en su caso, deber\u00e1n dar tr\u00e1mite y desahogo en la investigaci\u00f3n de un hecho probable delictivo, al peritaje solicitado en el t\u00e9rmino que al efecto establezca el Ministerio P\u00fablico y que resulte acorde con la complejidad del peritaje a realizar.<\/p>\n","protected":false},"excerpt":{"rendered":"<p>Dar\u00edo Pale Xalapa, Ver.- El diputado local del Partido del Trabajo (PT), Ram\u00f3n D\u00edaz \u00c1vila present\u00f3 una iniciativa para la creaci\u00f3n de Fiscal\u00eda Especializada en materia de delitos de odio y discriminaci\u00f3n. El legislador dijo que entre 2015 y hasta el 17 de octubre del a\u00f1o se han registrado 140 cr\u00edmenes de odio. En sesi\u00f3n [&hellip;]<\/p>\n","protected":false},"author":1,"featured_media":20753,"comment_status":"open","ping_status":"open","sticky":false,"template":"","format":"standard","meta":{"_jetpack_memberships_contains_paid_content":false,"footnotes":""},"categories":[2],"tags":[],"class_list":["post-20752","post","type-post","status-publish","format-standard","has-post-thumbnail","hentry","category-estado"],"jetpack_featured_media_url":"https:\/\/encuentroinformativo.com.mx\/wp-content\/uploads\/2021\/11\/FADCA401-1BD5-4489-A14F-98605441425C.jpeg","jetpack_sharing_enabled":true,"jetpack_likes_enabled":true,"amp_enabled":true,"_links":{"self":[{"href":"https:\/\/encuentroinformativo.com.mx\/index.php?rest_route=\/wp\/v2\/posts\/20752","targetHints":{"allow":["GET"]}}],"collection":[{"href":"https:\/\/encuentroinformativo.com.mx\/index.php?rest_route=\/wp\/v2\/posts"}],"about":[{"href":"https:\/\/encuentroinformativo.com.mx\/index.php?rest_route=\/wp\/v2\/types\/post"}],"author":[{"embeddable":true,"href":"https:\/\/encuentroinformativo.com.mx\/index.php?rest_route=\/wp\/v2\/users\/1"}],"replies":[{"embeddable":true,"href":"https:\/\/encuentroinformativo.com.mx\/index.php?rest_route=%2Fwp%2Fv2%2Fcomments&post=20752"}],"version-history":[{"count":1,"href":"https:\/\/encuentroinformativo.com.mx\/index.php?rest_route=\/wp\/v2\/posts\/20752\/revisions"}],"predecessor-version":[{"id":20754,"href":"https:\/\/encuentroinformativo.com.mx\/index.php?rest_route=\/wp\/v2\/posts\/20752\/revisions\/20754"}],"wp:featuredmedia":[{"embeddable":true,"href":"https:\/\/encuentroinformativo.com.mx\/index.php?rest_route=\/wp\/v2\/media\/20753"}],"wp:attachment":[{"href":"https:\/\/encuentroinformativo.com.mx\/index.php?rest_route=%2Fwp%2Fv2%2Fmedia&parent=20752"}],"wp:term":[{"taxonomy":"category","embeddable":true,"href":"https:\/\/encuentroinformativo.com.mx\/index.php?rest_route=%2Fwp%2Fv2%2Fcategories&post=20752"},{"taxonomy":"post_tag","embeddable":true,"href":"https:\/\/encuentroinformativo.com.mx\/index.php?rest_route=%2Fwp%2Fv2%2Ftags&post=20752"}],"curies":[{"name":"wp","href":"https:\/\/api.w.org\/{rel}","templated":true}]}}