{"id":20755,"date":"2021-11-25T18:45:23","date_gmt":"2021-11-26T00:45:23","guid":{"rendered":"https:\/\/encuentroinformativo.com.mx\/?p=20755"},"modified":"2021-11-25T18:45:26","modified_gmt":"2021-11-26T00:45:26","slug":"participan-8-paises-en-cumbre-diplomatica-de-negocios-veracruz-2021","status":"publish","type":"post","link":"https:\/\/encuentroinformativo.com.mx\/?p=20755","title":{"rendered":"Participan 8 pa\u00edses en &#8220;Cumbre Diplom\u00e1tica de Negocios Veracruz 2021&#8221;"},"content":{"rendered":"\n<p><strong>Alejandro \u00c1vila<\/strong><\/p>\n\n\n\n<p>Boca del R\u00edo, Ver.- Este jueves 25 de noviembre dio inicio la &#8220;Cumbre Diplom\u00e1tica de Negocios Veracruz 2021&#8221; con la presencia de 8 pa\u00edses.<\/p>\n\n\n\n<p>Este evento organizado por F\u00e9lix Mart\u00ednez \u00c1lvarez, presidente de CANACINTRA Veracruz, cuenta con la presencia del Embajadores y Consejeros Comerciales.<\/p>\n\n\n\n<p>Se tiene como prioridad crear sinergia industrial, turistica, agricola y portuaria entre los pa\u00edses invitados; aunque se aclar\u00f3 esta es la primera edici\u00f3n del proyecto que se llevar\u00e1 a cabo a\u00f1o con a\u00f1o, sumando m\u00e1s interesados.<\/p>\n\n\n\n<p>Los asistentes a la Cumbre Diplomatica son: Anibal Fern\u00e1ndez Cabral, Embajador de Uruguay; Oscar Lorenzo Arnold, Embajador de Belice; Jos\u00e9 Vladimir Crespo Hern\u00e1ndez, Embajador de Bolivia; Alfredo Armando Oranges Busto, Embajador de Panama; Ayxa Chukjak del R\u00edo, Consejera de Comercio y Econom\u00eda de Panama; Shabana Aziz, Consejera de Negocios de Pakistan; Oscar Castro P\u00e9rez, presidente de CANACO Panama; Amapola Grijalva Vega, presidenta de la C\u00e1mara de Comercio y Tecnolog\u00eda M\u00e9xico &#8211; China; Amalia M. Portillo, integrante de la C\u00e1mara Nacional de Comercio Hispano en Las Vegas; Miguel Ruiz Luna, presidente de la C\u00e1mara de Comercio M\u00e9xico &#8211; Brasil; y Hugo Blanco, Consul de Guatemala.<\/p>\n\n\n\n<p>La ma\u00f1ana de este jueves asistieron a una visita a la Escuela Nautica Mercante &#8220;Fernando Siliceo y Torres&#8221;; posteriormente fueron acompa\u00f1ados en su cena de gala por el Senador Julen Rementeria del Puerto, y el alcalde de Boca del R\u00edo, Humberto Alonso Morelli.<\/p>\n\n\n\n<p>Este viernes, iniciar\u00e1n las mesas de negocios, donde adem\u00e1s habr\u00e1 ponencias del director del Instituto Tecnol\u00f3gico de Boca del R\u00edo, Jaime de Jes\u00fas Ca\u00f1as Ortega; del director del Instituto Tecnol\u00f3gico de Orizaba, Rigoberto Reyes Valenzuela; y de la presidenta de MAJA Consulting Group, Ana Mar\u00eda Mac\u00edas Ju\u00e1rez.<\/p>\n\n\n\n<p>&#8220;Se trata de hacer una sinergia entre varios pa\u00edses, representados por sus Excelentisimos Embajadores, Consules y representantes de C\u00e1maras Comerciales (\u2026) en este momento la Cumbre Diplomatica tiene buen \u00e9xito, y lo que queremos hacer es que cada a\u00f1o nos reunamos, que los empresarios representados por Canacintra, tuvieran esa sinergia de poder colaborar con todos los pa\u00edses&#8221;, apunt\u00f3 F\u00e9lix Mart\u00ednez \u00c1lvarez, presidente de CANACINTRA en Veracruz.<\/p>\n","protected":false},"excerpt":{"rendered":"<p>Alejandro \u00c1vila Boca del R\u00edo, Ver.- Este jueves 25 de noviembre dio inicio la &#8220;Cumbre Diplom\u00e1tica de Negocios Veracruz 2021&#8221; con la presencia de 8 pa\u00edses. Este evento organizado por F\u00e9lix Mart\u00ednez \u00c1lvarez, presidente de CANACINTRA Veracruz, cuenta con la presencia del Embajadores y Consejeros Comerciales. Se tiene como prioridad crear sinergia industrial, turistica, agricola [&hellip;]<\/p>\n","protected":false},"author":1,"featured_media":20756,"comment_status":"open","ping_status":"open","sticky":false,"template":"","format":"standard","meta":{"_jetpack_memberships_contains_paid_content":false,"footnotes":""},"categories":[2],"tags":[],"class_list":["post-20755","post","type-post","status-publish","format-standard","has-post-thumbnail","hentry","category-estado"],"jetpack_featured_media_url":"https:\/\/encuentroinformativo.com.mx\/wp-content\/uploads\/2021\/11\/85251BAE-889F-4847-9BD1-B0C392DE3BCC.jpeg","jetpack_sharing_enabled":true,"jetpack_likes_enabled":true,"amp_enabled":true,"_links":{"self":[{"href":"https:\/\/encuentroinformativo.com.mx\/index.php?rest_route=\/wp\/v2\/posts\/20755","targetHints":{"allow":["GET"]}}],"collection":[{"href":"https:\/\/encuentroinformativo.com.mx\/index.php?rest_route=\/wp\/v2\/posts"}],"about":[{"href":"https:\/\/encuentroinformativo.com.mx\/index.php?rest_route=\/wp\/v2\/types\/post"}],"author":[{"embeddable":true,"href":"https:\/\/encuentroinformativo.com.mx\/index.php?rest_route=\/wp\/v2\/users\/1"}],"replies":[{"embeddable":true,"href":"https:\/\/encuentroinformativo.com.mx\/index.php?rest_route=%2Fwp%2Fv2%2Fcomments&post=20755"}],"version-history":[{"count":1,"href":"https:\/\/encuentroinformativo.com.mx\/index.php?rest_route=\/wp\/v2\/posts\/20755\/revisions"}],"predecessor-version":[{"id":20757,"href":"https:\/\/encuentroinformativo.com.mx\/index.php?rest_route=\/wp\/v2\/posts\/20755\/revisions\/20757"}],"wp:featuredmedia":[{"embeddable":true,"href":"https:\/\/encuentroinformativo.com.mx\/index.php?rest_route=\/wp\/v2\/media\/20756"}],"wp:attachment":[{"href":"https:\/\/encuentroinformativo.com.mx\/index.php?rest_route=%2Fwp%2Fv2%2Fmedia&parent=20755"}],"wp:term":[{"taxonomy":"category","embeddable":true,"href":"https:\/\/encuentroinformativo.com.mx\/index.php?rest_route=%2Fwp%2Fv2%2Fcategories&post=20755"},{"taxonomy":"post_tag","embeddable":true,"href":"https:\/\/encuentroinformativo.com.mx\/index.php?rest_route=%2Fwp%2Fv2%2Ftags&post=20755"}],"curies":[{"name":"wp","href":"https:\/\/api.w.org\/{rel}","templated":true}]}}