{"id":20760,"date":"2021-11-26T11:52:34","date_gmt":"2021-11-26T17:52:34","guid":{"rendered":"https:\/\/encuentroinformativo.com.mx\/?p=20760"},"modified":"2021-11-26T11:52:37","modified_gmt":"2021-11-26T17:52:37","slug":"protesta-personal-medico-acusan-abusos-de-autoridad","status":"publish","type":"post","link":"https:\/\/encuentroinformativo.com.mx\/?p=20760","title":{"rendered":"Protesta personal m\u00e9dico, acusan abusos de autoridad"},"content":{"rendered":"\n<p><strong>Juan Arcos<\/strong><\/p>\n\n\n\n<p>Xalapa, Ver.- Personal m\u00e9dico y administrativo protest\u00f3 afuera del Centro M\u00e9dico Miguel Alem\u00e1n para denunciar abuso de autoridad por parte de sus superiores y la falta de medicamentos e insumos.<\/p>\n\n\n\n<p>De acuerdo con el m\u00e9dico Hugo Guti\u00e9rrez, este centro de salud carece de los materiales necesarios para brindar una mejor atenci\u00f3n a los pacientes.<\/p>\n\n\n\n<p>Adem\u00e1s, los trabajadores han padecido cambios de horario improvisados que ha perjudicado a los enfermos.<\/p>\n\n\n\n<p>\u201cNos han sido coaccionando nuestro trabajo a ra\u00edz de un autoritarismo, nos cambian de horario de la noche a la ma\u00f1ana y eso ha afectado tambi\u00e9n a los pacientes\u201d.<\/p>\n\n\n\n<p>El centro de salud depende de la Secretar\u00eda de Salud de Veracruz y se encuentra sobre la avenida Miguel Alem\u00e1n.<\/p>\n\n\n\n<p>Los trabajadores iniciaron un paro de brazos ca\u00eddos, pero atienden a los pacientes que requieren la intervenci\u00f3n m\u00e9dica de manera urgente.<\/p>\n\n\n\n<p>\u201cCualquier urgencia la estamos atendiendo, ya sea obst\u00e9trica o sea cual sea, los estamos atendiendo. No estamos negando la atenci\u00f3n, estamos atendiendo al paciente y tenemos evidencia\u201d.<\/p>\n\n\n\n<p>Los quejosos amagaron con permanecer en el lugar hasta dialogar con autoridades de la Secretar\u00eda de Salud para que sean atendidas sus peticiones.<\/p>\n","protected":false},"excerpt":{"rendered":"<p>Juan Arcos Xalapa, Ver.- Personal m\u00e9dico y administrativo protest\u00f3 afuera del Centro M\u00e9dico Miguel Alem\u00e1n para denunciar abuso de autoridad por parte de sus superiores y la falta de medicamentos e insumos. De acuerdo con el m\u00e9dico Hugo Guti\u00e9rrez, este centro de salud carece de los materiales necesarios para brindar una mejor atenci\u00f3n a los [&hellip;]<\/p>\n","protected":false},"author":1,"featured_media":20761,"comment_status":"open","ping_status":"open","sticky":false,"template":"","format":"standard","meta":{"_jetpack_memberships_contains_paid_content":false,"footnotes":""},"categories":[9],"tags":[],"class_list":["post-20760","post","type-post","status-publish","format-standard","has-post-thumbnail","hentry","category-salud"],"jetpack_featured_media_url":"https:\/\/encuentroinformativo.com.mx\/wp-content\/uploads\/2021\/11\/B78FF09F-3B1F-4B1B-A913-0447ED2E4555.jpeg","jetpack_sharing_enabled":true,"jetpack_likes_enabled":true,"amp_enabled":true,"_links":{"self":[{"href":"https:\/\/encuentroinformativo.com.mx\/index.php?rest_route=\/wp\/v2\/posts\/20760","targetHints":{"allow":["GET"]}}],"collection":[{"href":"https:\/\/encuentroinformativo.com.mx\/index.php?rest_route=\/wp\/v2\/posts"}],"about":[{"href":"https:\/\/encuentroinformativo.com.mx\/index.php?rest_route=\/wp\/v2\/types\/post"}],"author":[{"embeddable":true,"href":"https:\/\/encuentroinformativo.com.mx\/index.php?rest_route=\/wp\/v2\/users\/1"}],"replies":[{"embeddable":true,"href":"https:\/\/encuentroinformativo.com.mx\/index.php?rest_route=%2Fwp%2Fv2%2Fcomments&post=20760"}],"version-history":[{"count":1,"href":"https:\/\/encuentroinformativo.com.mx\/index.php?rest_route=\/wp\/v2\/posts\/20760\/revisions"}],"predecessor-version":[{"id":20762,"href":"https:\/\/encuentroinformativo.com.mx\/index.php?rest_route=\/wp\/v2\/posts\/20760\/revisions\/20762"}],"wp:featuredmedia":[{"embeddable":true,"href":"https:\/\/encuentroinformativo.com.mx\/index.php?rest_route=\/wp\/v2\/media\/20761"}],"wp:attachment":[{"href":"https:\/\/encuentroinformativo.com.mx\/index.php?rest_route=%2Fwp%2Fv2%2Fmedia&parent=20760"}],"wp:term":[{"taxonomy":"category","embeddable":true,"href":"https:\/\/encuentroinformativo.com.mx\/index.php?rest_route=%2Fwp%2Fv2%2Fcategories&post=20760"},{"taxonomy":"post_tag","embeddable":true,"href":"https:\/\/encuentroinformativo.com.mx\/index.php?rest_route=%2Fwp%2Fv2%2Ftags&post=20760"}],"curies":[{"name":"wp","href":"https:\/\/api.w.org\/{rel}","templated":true}]}}