{"id":20773,"date":"2021-11-26T14:57:03","date_gmt":"2021-11-26T20:57:03","guid":{"rendered":"https:\/\/encuentroinformativo.com.mx\/?p=20773"},"modified":"2021-11-26T14:57:07","modified_gmt":"2021-11-26T20:57:07","slug":"ayuntamiento-porteno-cumple-con-alerta-de-genero-afirma-alcalde","status":"publish","type":"post","link":"https:\/\/encuentroinformativo.com.mx\/?p=20773","title":{"rendered":"Ayuntamiento porte\u00f1o cumple con Alerta de G\u00e9nero, afirma alcalde"},"content":{"rendered":"\n<p><strong>Alejandro \u00c1vila<\/strong><\/p>\n\n\n\n<p>Veracruz, Ver.- El Ayuntamiento de Veracruz ha cumplido con los 15 puntos que le marca la Alerta de Violencia de G\u00e9nero que fue emitida desde hace a\u00f1os, destac\u00f3 el alcalde Fernando Yunes M\u00e1rquez.<\/p>\n\n\n\n<p>El elemento principal, ha sido el desarrollo urbano, donde destac\u00f3 el proyecto de Sendero Seguro, nueve espacios rehabilitados, donde hab\u00eda indicios o denuncias de mujeres sobre casos de violencia.<\/p>\n\n\n\n<p>&#8220;La verdad es que atendimos los 15 puntos que en la Alerta nos correspond\u00edan directamente al municipio y otros van con corresponsabilidad con el Estado, pero practicamente todo lo que tiene que ver con desarrollo urbano, con los puntos de inseguridad, la inversi\u00f3n de espacios p\u00fablicos que generaban zonas de riesgo para la mujer lo hemos atendido, al igual lo que es el cambio de luminarias que nos corresponde tambi\u00e9n directamente, y algo muy bonito e importante el Sendero Seguro que ha funcionado la verdad que muy bien&#8221;, resalt\u00f3.<\/p>\n\n\n\n<p>El edil panista, agreg\u00f3 que el proyecto ser\u00e1 continuado por la siguiente administraci\u00f3n municipal, y adem\u00e1s de crear m\u00e1s zonas como Senderos Seguros, se buscar\u00e1 implementar botones de p\u00e1nico en coordinaci\u00f3n con la Secretar\u00eda de Seguridad P\u00fablica.<\/p>\n\n\n\n<p>&#8220;Algo que hay que decir, es que todos nuestros elementos est\u00e1n capacitados en temas de delitos de violencia de g\u00e9nero, que tenemos la Patrulla Morada, que ayuda principalmente al Instituto Municipal de la Mujer a hacer notificaciones a agresores o presuntos agresores y de esta manera cuidar a las mujeres&#8221;, agreg\u00f3.<\/p>\n\n\n\n<p>Finalmente, Fernando Yunes M\u00e1rquez, reconoci\u00f3 que es complicado dar porcentajes, pero s\u00ed registran una disminuci\u00f3n en agresiones contra la mujer en v\u00eda p\u00fablica.<\/p>\n\n\n\n<p>&#8220;En casos, cerca de catorce casos menos de un a\u00f1o para otro, en este caso la tendencia igual va para la baja, y probablemente acabemos con unos diez p doce casos menos respecto al a\u00f1o anterior&#8221;, remat\u00f3.<\/p>\n","protected":false},"excerpt":{"rendered":"<p>Alejandro \u00c1vila Veracruz, Ver.- El Ayuntamiento de Veracruz ha cumplido con los 15 puntos que le marca la Alerta de Violencia de G\u00e9nero que fue emitida desde hace a\u00f1os, destac\u00f3 el alcalde Fernando Yunes M\u00e1rquez. El elemento principal, ha sido el desarrollo urbano, donde destac\u00f3 el proyecto de Sendero Seguro, nueve espacios rehabilitados, donde hab\u00eda [&hellip;]<\/p>\n","protected":false},"author":1,"featured_media":20774,"comment_status":"open","ping_status":"open","sticky":false,"template":"","format":"standard","meta":{"_jetpack_memberships_contains_paid_content":false,"footnotes":""},"categories":[2],"tags":[],"class_list":["post-20773","post","type-post","status-publish","format-standard","has-post-thumbnail","hentry","category-estado"],"jetpack_featured_media_url":"https:\/\/encuentroinformativo.com.mx\/wp-content\/uploads\/2021\/11\/C79B7942-2AB8-4658-833C-876B62BE62C5.jpeg","jetpack_sharing_enabled":true,"jetpack_likes_enabled":true,"amp_enabled":true,"_links":{"self":[{"href":"https:\/\/encuentroinformativo.com.mx\/index.php?rest_route=\/wp\/v2\/posts\/20773","targetHints":{"allow":["GET"]}}],"collection":[{"href":"https:\/\/encuentroinformativo.com.mx\/index.php?rest_route=\/wp\/v2\/posts"}],"about":[{"href":"https:\/\/encuentroinformativo.com.mx\/index.php?rest_route=\/wp\/v2\/types\/post"}],"author":[{"embeddable":true,"href":"https:\/\/encuentroinformativo.com.mx\/index.php?rest_route=\/wp\/v2\/users\/1"}],"replies":[{"embeddable":true,"href":"https:\/\/encuentroinformativo.com.mx\/index.php?rest_route=%2Fwp%2Fv2%2Fcomments&post=20773"}],"version-history":[{"count":1,"href":"https:\/\/encuentroinformativo.com.mx\/index.php?rest_route=\/wp\/v2\/posts\/20773\/revisions"}],"predecessor-version":[{"id":20775,"href":"https:\/\/encuentroinformativo.com.mx\/index.php?rest_route=\/wp\/v2\/posts\/20773\/revisions\/20775"}],"wp:featuredmedia":[{"embeddable":true,"href":"https:\/\/encuentroinformativo.com.mx\/index.php?rest_route=\/wp\/v2\/media\/20774"}],"wp:attachment":[{"href":"https:\/\/encuentroinformativo.com.mx\/index.php?rest_route=%2Fwp%2Fv2%2Fmedia&parent=20773"}],"wp:term":[{"taxonomy":"category","embeddable":true,"href":"https:\/\/encuentroinformativo.com.mx\/index.php?rest_route=%2Fwp%2Fv2%2Fcategories&post=20773"},{"taxonomy":"post_tag","embeddable":true,"href":"https:\/\/encuentroinformativo.com.mx\/index.php?rest_route=%2Fwp%2Fv2%2Ftags&post=20773"}],"curies":[{"name":"wp","href":"https:\/\/api.w.org\/{rel}","templated":true}]}}