{"id":20776,"date":"2021-11-26T15:02:36","date_gmt":"2021-11-26T21:02:36","guid":{"rendered":"https:\/\/encuentroinformativo.com.mx\/?p=20776"},"modified":"2021-11-26T15:02:39","modified_gmt":"2021-11-26T21:02:39","slug":"con-cine-promueven-inclusion-de-personas-con-discapacidad","status":"publish","type":"post","link":"https:\/\/encuentroinformativo.com.mx\/?p=20776","title":{"rendered":"Con cine, promueven inclusi\u00f3n de personas con discapacidad"},"content":{"rendered":"\n<p><strong>Dar\u00edo Pale<\/strong><\/p>\n\n\n\n<p>Xalapa, Ver.- Los psic\u00f3logos Javier Quir\u00f3s Garc\u00eda y Elena Barcelata dieron a conocer que la \u00a0inclusi\u00f3n de personas con alguna discapacidad es el tema central de la Muestra de Cine Arte y Discapacidad que se realizar\u00e1 en Xalapa, la cual es para concientizar a la ciudadan\u00eda en estos temas.<\/p>\n\n\n\n<p>En conferencia de prensa realizada en conocido caf\u00e9 del centro de Xalapa, comentaron que las reflexiones sobre la muestra de cine de pel\u00edculas espa\u00f1olas que muestran dicha situaci\u00f3n y la inclusi\u00f3n de esta poblaci\u00f3n en el s\u00e9ptimo arte, talleres y un recorrido sensorial son parte de las actividades programadas.<\/p>\n\n\n\n<p>Este s\u00e1bado a las 10 de la ma\u00f1ana en Transmundo Teatro se dar\u00e1 un taller de circo impartido por la compa\u00f1\u00eda Circo Inclusivo M\u00e9xico y se exhibir\u00e1 un documental sobre el arte circense en el Colegio de Veracruz, los pr\u00f3ximos 1, 2 y 3 de diciembre habr\u00e1 un recorrido sensorial, dirigido a personas con discapacidad visual.<\/p>\n\n\n\n<p>Javier Quiroz, director de la Muestra de Cine Arte y Discapacidad precis\u00f3 que las actividades est\u00e1n dirigidas a toda la poblaci\u00f3n con el fin de sensibilizar y que se adaptar\u00e1n espacios para personas en silla de ruedas, etc\u00e9tera.<\/p>\n\n\n\n<p>Leona Barcelata, coordinadora general de esta muestra de cine agreg\u00f3 que hay mucha desinformaci\u00f3n sobre c\u00f3mo tratar a la discapacidad y exclusi\u00f3n para quienes la padecen.<\/p>\n\n\n\n<p>&#8220;En nuestro pa\u00eds existen muchas leyes ya para fomentar la inclusi\u00f3n; sin embargo, a causa del desconocimiento de c\u00f3mo poder hacerlo seguimos relegando. Muchas veces el inter\u00e9s existe por parte de perdonas que ya tienen contacto con alguien que tiene discapacidad y ellos son los que promueven y procesan esta parte de querer incluirse, abrir m\u00e1s espacios para tener acceso a sus familiares con discapacidad&#8221;, se\u00f1al\u00f3.<\/p>\n\n\n\n<p>&#8220;Sin embargo hay personas que no tienen contacto con familiares o amigos con discapacidad, pero que est\u00e1n generando est\u00e1 conciencia de decir en el mundo somos muchos y todos somos distintos y merecemos tener ese libre acceso a todas las experiencias como todas las personas y que la discapacidad no sea una limitante, sino una diferencia como cualquiera de nosotros&#8221;, agreg\u00f3.<\/p>\n\n\n\n<p>Finalmente comentaron que en ciudades como Xalapa a\u00fan falta concientizar a la poblaci\u00f3n al respecto y respetar y adecuar correctamente la ciudad para que las personas con alguna discapacidad puedan desarrollarse sin ninguna limitaci\u00f3n, agregaron al presentar este evento.<\/p>\n","protected":false},"excerpt":{"rendered":"<p>Dar\u00edo Pale Xalapa, Ver.- Los psic\u00f3logos Javier Quir\u00f3s Garc\u00eda y Elena Barcelata dieron a conocer que la \u00a0inclusi\u00f3n de personas con alguna discapacidad es el tema central de la Muestra de Cine Arte y Discapacidad que se realizar\u00e1 en Xalapa, la cual es para concientizar a la ciudadan\u00eda en estos temas. En conferencia de prensa [&hellip;]<\/p>\n","protected":false},"author":1,"featured_media":20777,"comment_status":"open","ping_status":"open","sticky":false,"template":"","format":"standard","meta":{"_jetpack_memberships_contains_paid_content":false,"footnotes":""},"categories":[3],"tags":[],"class_list":["post-20776","post","type-post","status-publish","format-standard","has-post-thumbnail","hentry","category-xalapa"],"jetpack_featured_media_url":"https:\/\/encuentroinformativo.com.mx\/wp-content\/uploads\/2021\/11\/D8970FD4-D9FA-4755-BCE1-852694E63E88.jpeg","jetpack_sharing_enabled":true,"jetpack_likes_enabled":true,"amp_enabled":true,"_links":{"self":[{"href":"https:\/\/encuentroinformativo.com.mx\/index.php?rest_route=\/wp\/v2\/posts\/20776","targetHints":{"allow":["GET"]}}],"collection":[{"href":"https:\/\/encuentroinformativo.com.mx\/index.php?rest_route=\/wp\/v2\/posts"}],"about":[{"href":"https:\/\/encuentroinformativo.com.mx\/index.php?rest_route=\/wp\/v2\/types\/post"}],"author":[{"embeddable":true,"href":"https:\/\/encuentroinformativo.com.mx\/index.php?rest_route=\/wp\/v2\/users\/1"}],"replies":[{"embeddable":true,"href":"https:\/\/encuentroinformativo.com.mx\/index.php?rest_route=%2Fwp%2Fv2%2Fcomments&post=20776"}],"version-history":[{"count":1,"href":"https:\/\/encuentroinformativo.com.mx\/index.php?rest_route=\/wp\/v2\/posts\/20776\/revisions"}],"predecessor-version":[{"id":20778,"href":"https:\/\/encuentroinformativo.com.mx\/index.php?rest_route=\/wp\/v2\/posts\/20776\/revisions\/20778"}],"wp:featuredmedia":[{"embeddable":true,"href":"https:\/\/encuentroinformativo.com.mx\/index.php?rest_route=\/wp\/v2\/media\/20777"}],"wp:attachment":[{"href":"https:\/\/encuentroinformativo.com.mx\/index.php?rest_route=%2Fwp%2Fv2%2Fmedia&parent=20776"}],"wp:term":[{"taxonomy":"category","embeddable":true,"href":"https:\/\/encuentroinformativo.com.mx\/index.php?rest_route=%2Fwp%2Fv2%2Fcategories&post=20776"},{"taxonomy":"post_tag","embeddable":true,"href":"https:\/\/encuentroinformativo.com.mx\/index.php?rest_route=%2Fwp%2Fv2%2Ftags&post=20776"}],"curies":[{"name":"wp","href":"https:\/\/api.w.org\/{rel}","templated":true}]}}