{"id":20798,"date":"2021-11-27T19:29:04","date_gmt":"2021-11-28T01:29:04","guid":{"rendered":"https:\/\/encuentroinformativo.com.mx\/?p=20798"},"modified":"2021-11-27T19:29:08","modified_gmt":"2021-11-28T01:29:08","slug":"detiene-policia-ministerial-a-candidato-a-la-dirigencia-estatal-del-pan-tito-delfin","status":"publish","type":"post","link":"https:\/\/encuentroinformativo.com.mx\/?p=20798","title":{"rendered":"Detiene Polic\u00eda Ministerial a candidato a la dirigencia estatal del PAN, Tito Delf\u00edn"},"content":{"rendered":"\n<p><strong>Alejandro \u00c1vila<\/strong><\/p>\n\n\n\n<p>Veracruz, Ver.- A trav\u00e9s de sus redes sociales, la Senadora con licencia, Indira Rosales San Rom\u00e1n, confirm\u00f3 que el aspirante a la presidencia estatal del PAN en Veracruz, Tito Delf\u00edn Cano, fue detenido por la Polic\u00eda Ministerial en Alamo Temapache, dentro de la gira que realiza previo a la elecci\u00f3n del 19 de diciembre.<\/p>\n\n\n\n<p>La panista, quien adem\u00e1s ser\u00eda la segunda al mando, de ganar la elecci\u00f3n, se\u00f1al\u00f3 que los hechos se dieron con &#8220;brutal violencia&#8221;.<\/p>\n\n\n\n<p>Adem\u00e1s, acus\u00f3 al gobernador, Cuitl\u00e1huac Garc\u00eda Jim\u00e9nez, de una persecuci\u00f3n pol\u00edtica; actos que mencion\u00f3, se ejecutan a trav\u00e9s de la Fiscal\u00eda General del Estado, la cual conden\u00f3, &#8220;est\u00e1 a su servicio&#8221;.<\/p>\n\n\n\n<p>En ese sentido, refiri\u00f3 que MORENA pregona que, con los delincuentes \u201cabrazos, no balazos\u201d; mientras que a sus opositores \u201cbalazos y c\u00e1rcel, no abrazos\u201d.<\/p>\n\n\n\n<p>Agreg\u00f3 que Gobierno del Estado usa el poder, no para perseguir delincuentes, sino para agredir a sus opositores; inventando acusaciones y delitos, al tiempo que persiguen a quienes no est\u00e1n de acuerdo con un gobierno que lleva a Veracruz al precipicio.<\/p>\n\n\n\n<p>&#8220;El \u00fanico delito de Tito Delf\u00edn fue anunciar que ser\u00eda un opositor fuerte, que no se doblegar\u00eda frente al poder.<\/p>\n\n\n\n<p>El gobierno quiere evitar que el PAN sea encabezado por un opositor, quiere un pelele a su servicio, pero los verdaderos panistas no vendemos nuestra conciencia&#8221;, refrend\u00f3.<\/p>\n\n\n\n<p>&#8220;\u00a1no lo lograr\u00e1n!, \u00a1no les tememos\u00a1, \u00a1exigimos que se respete la vida y la integridad f\u00edsica de Tito!, \u00a1demandamos que sea puesto en libertad de inmediato!&#8221;, culmin\u00f3.<\/p>\n","protected":false},"excerpt":{"rendered":"<p>Alejandro \u00c1vila Veracruz, Ver.- A trav\u00e9s de sus redes sociales, la Senadora con licencia, Indira Rosales San Rom\u00e1n, confirm\u00f3 que el aspirante a la presidencia estatal del PAN en Veracruz, Tito Delf\u00edn Cano, fue detenido por la Polic\u00eda Ministerial en Alamo Temapache, dentro de la gira que realiza previo a la elecci\u00f3n del 19 de [&hellip;]<\/p>\n","protected":false},"author":1,"featured_media":20799,"comment_status":"open","ping_status":"open","sticky":false,"template":"","format":"standard","meta":{"_jetpack_memberships_contains_paid_content":false,"footnotes":""},"categories":[2],"tags":[],"class_list":["post-20798","post","type-post","status-publish","format-standard","has-post-thumbnail","hentry","category-estado"],"jetpack_featured_media_url":"https:\/\/encuentroinformativo.com.mx\/wp-content\/uploads\/2021\/11\/0F80614F-FC84-4CD1-820F-F9FE5AE27968.jpeg","jetpack_sharing_enabled":true,"jetpack_likes_enabled":true,"amp_enabled":true,"_links":{"self":[{"href":"https:\/\/encuentroinformativo.com.mx\/index.php?rest_route=\/wp\/v2\/posts\/20798","targetHints":{"allow":["GET"]}}],"collection":[{"href":"https:\/\/encuentroinformativo.com.mx\/index.php?rest_route=\/wp\/v2\/posts"}],"about":[{"href":"https:\/\/encuentroinformativo.com.mx\/index.php?rest_route=\/wp\/v2\/types\/post"}],"author":[{"embeddable":true,"href":"https:\/\/encuentroinformativo.com.mx\/index.php?rest_route=\/wp\/v2\/users\/1"}],"replies":[{"embeddable":true,"href":"https:\/\/encuentroinformativo.com.mx\/index.php?rest_route=%2Fwp%2Fv2%2Fcomments&post=20798"}],"version-history":[{"count":1,"href":"https:\/\/encuentroinformativo.com.mx\/index.php?rest_route=\/wp\/v2\/posts\/20798\/revisions"}],"predecessor-version":[{"id":20800,"href":"https:\/\/encuentroinformativo.com.mx\/index.php?rest_route=\/wp\/v2\/posts\/20798\/revisions\/20800"}],"wp:featuredmedia":[{"embeddable":true,"href":"https:\/\/encuentroinformativo.com.mx\/index.php?rest_route=\/wp\/v2\/media\/20799"}],"wp:attachment":[{"href":"https:\/\/encuentroinformativo.com.mx\/index.php?rest_route=%2Fwp%2Fv2%2Fmedia&parent=20798"}],"wp:term":[{"taxonomy":"category","embeddable":true,"href":"https:\/\/encuentroinformativo.com.mx\/index.php?rest_route=%2Fwp%2Fv2%2Fcategories&post=20798"},{"taxonomy":"post_tag","embeddable":true,"href":"https:\/\/encuentroinformativo.com.mx\/index.php?rest_route=%2Fwp%2Fv2%2Ftags&post=20798"}],"curies":[{"name":"wp","href":"https:\/\/api.w.org\/{rel}","templated":true}]}}