{"id":2080,"date":"2020-04-24T07:14:45","date_gmt":"2020-04-24T12:14:45","guid":{"rendered":"https:\/\/encuentroinformativo.com\/?p=2080"},"modified":"2020-04-24T02:16:59","modified_gmt":"2020-04-24T07:16:59","slug":"renuncia-ahued-y-alborota-el-gallinero","status":"publish","type":"post","link":"https:\/\/encuentroinformativo.com.mx\/?p=2080","title":{"rendered":"RENUNCIA AHUED Y ALBOROTA EL GALLINERO"},"content":{"rendered":"\n<p><strong>+ Cerr\u00f3 el Gran Caf\u00e9 de la Parroquia por Coronavirus.<br>+ Embargaron al T\u00edo Mike.<br>+ Despensas electoreras en Boca del R\u00edo.<br><br>&#8220;Ciencia neoliberal&#8221;&#8230; Dir\u00eda el buen Polo-Polo: &#8220;M\u00e1mate eeesaaa&#8221;&#8230;<br>&#8211;Chopenjawer<\/strong><\/p>\n\n\n\n<p>Gran impacto tuvo en la aldea la noticia de la renuncia del administrador general de Aduanas en el pa\u00eds, Ricardo Ahued Bardahuil.<\/p>\n\n\n\n<p>La primicia la tuvo la experimentada periodista Lourdes Mendoza, del peri\u00f3dico &#8220;El Financiero&#8221;, adem\u00e1s de colaboradora de TvAzteca, ADN 40, Milenio, Televisa, Radio W, Revista V\u00e9rtigo y directora del portal&nbsp;<a href=\"http:\/\/noticiasenlamira.com\/\">Noticiasenlamira.com<\/a>.<\/p>\n\n\n\n<p>Justo&nbsp;<a href=\"outlook-data-detector:\/\/1\">a las 00:18<\/a>&nbsp;horas de este 23 abril, tuiteaba: &#8220;#Trasciende que @ahuedricardo present\u00f3 su renuncia en aduanas, en medio de la pandemia por el #COVID19 y entrar\u00e1, me dicen mis fuentes, Lorena Urrea Garc\u00eda quien era la Administradora Central de Operaci\u00f3n Aduanera gente de @Ricar_peralta subse de @SEGOB_mx&#8221;.<\/p>\n\n\n\n<p>Por ser&nbsp;<a href=\"outlook-data-detector:\/\/3\">de madrugada<\/a>, ning\u00fan medio electr\u00f3nico de Veracruz llevaba la nota o la confirmaci\u00f3n. Ya amaneciendo, el peri\u00f3dico Notiver del legendario Alfonso Salces, es el que llev\u00f3 la primicia en el estado llevando el trascendido en su primera plana, con la versi\u00f3n de la periodista.<\/p>\n\n\n\n<p>Lo curioso es que para esas ning\u00fan medio nacional parece haberle ocasionado revuelo. Quiz\u00e1s el cargo de Administrador General de Aduanas no suene tan atractivo o medi\u00e1tico como la renuncia de un secretario de estado o director de alg\u00fan \u00f3rgano desconcentrado del gabinete ampliado. La renuncia de Ahued, al menos en el espectro nacional, tard\u00f3 en cuajar.<\/p>\n\n\n\n<p>Pero en Veracruz era pr\u00e1cticamente la nota del d\u00eda porque estamos hablando de que Ricardo Ahued es senador de la rep\u00fablica por el estado de Veracruz, adem\u00e1s de que tiene mucho rating pol\u00edtico (especialmente en la zona de la capital Xalapa) pues ha sido un destacado diputado local, federal y alcalde de la Atenas Veracruzana.<\/p>\n\n\n\n<p>Fue por eso que&nbsp;<a href=\"outlook-data-detector:\/\/4\">desde la ma\u00f1ana<\/a>&nbsp;se estaba buscando la confirmaci\u00f3n del originario de Hidalgo, pero xalape\u00f1o de coraz\u00f3n, la cual dio en las primeras horas&nbsp;<a href=\"outlook-data-detector:\/\/5\">de la ma\u00f1ana<\/a>&nbsp;a portales y periodistas de la capital.<\/p>\n\n\n\n<p>Y ah\u00ed se arm\u00f3 el alboroto&#8230;<\/p>\n\n\n\n<p>De entrada no faltaron los exacerbados &#8220;videntes&#8221; que dec\u00edan Ahued ahora s\u00ed ven\u00eda enfilado para Veracruz y que ya ven\u00eda a ser el reemplazo la gubernatura o m\u00ednimo la Secretar\u00eda de Gobierno; casi-casi le estaban tomando protesta en la Legislatura y sent\u00e1ndolo en la oficina de Palacio de Gobierno para besarle las patas.<\/p>\n\n\n\n<p>Eran de esperarse esas reacciones porque en Veracruz a Ahued lo ven ya como el seguro candidato a la gubernatura en el 2024, aunque no se ha reformado hasta ahorita la ley donde para poder ser gobernador se necesita ser veracruzano (nacido o hijo de padres veracruzanos) y contar con un t\u00edtulo profesional.<\/p>\n\n\n\n<p>No obstante lo anterior, hay que decir que Ahued es de los pocos pol\u00edticos congruentes que adem\u00e1s ha mostrado m\u00e1s tablas, oficio, educaci\u00f3n y sentido com\u00fan que cualquiera que se diga pol\u00edtico de las nuevas generaciones en la Cuarta Transformaci\u00f3n o incluso de las m\u00e1s recientes que florecieron durante el Fidelismo, Duartismo y el Yunato. Est\u00e1 mejor preparado y con mejor experiencia, adem\u00e1s de que ha resaltado por ser muy rebelde (dicen que hasta se pasa) porque defiende causas y tiene claro lo que significa ser un representante popular.<\/p>\n\n\n\n<p>Pero de ah\u00ed, a que venga a ocupar una silla en Palacio de Gobierno hay un buen tramo de distancia, aunque no descartable si en alg\u00fan momento el mismo gobernador lo invita a sumarse a su gabinete. Todo puede pasar.<\/p>\n\n\n\n<p>Ahued, pese a todas las bondades, no es del c\u00edrculo \u00edntimo de los morenistas. De hecho, su renuncia tiene que ver precisamente con diferencias que ha tenido con los cotos de poder de MORENA.<\/p>\n\n\n\n<p>Otra periodista experimentada que habl\u00f3 del tema Ahued desde el altiplano fue Leticia Robles de la Rosa, experta en temas pol\u00edticos, electorales, financieros, energ\u00e9ticos y educativos, y quien desde hace una d\u00e9cada cubre para el diario Exc\u00e9lsior las actividades del Senado. Ella fue quien confirm\u00f3 cerca del mediod\u00eda que Ricardo Ahued ya hab\u00eda presentado a la Mesa Directiva del Senado de la Rep\u00fablica su reincorporaci\u00f3n como senador.<\/p>\n\n\n\n<p>Pero adem\u00e1s, coment\u00f3 de los motivos por los que pudieran haber orillado a Ahued para renunciar al alto cargo en Aduanas (uno ya era conocido en los c\u00edrculos pol\u00edticos: sus fuertes diferencias con Raquel Buenrostro, titular del Servicio de Administraci\u00f3n Tributaria, SAT).<\/p>\n\n\n\n<p>Seg\u00fan Robles de la Rosa, los niveles de corrupci\u00f3n en aduanas no han bajado de manera significativa y a \u00e9l eso simplemente no le gusta. Que incluso fue tan riguroso &#8220;que tuvo un encontronazo con Manuel Bartlett, porque no autorizaba el ingreso de unos equipo para CFE; el pleito lleg\u00f3 al grado de que Bartlett pidi\u00f3 la intervenci\u00f3n presidencial&#8221;.<\/p>\n\n\n\n<p>&#8220;Justamente ese nivel de cuidar tanto las cosas llev\u00f3 a diferencias con diversas dependencias&#8221;, explica la periodista.<\/p>\n\n\n\n<p>En este sentido, Ahued Bardahuil entreg\u00f3 su renuncia al presidente Andr\u00e9s Manuel L\u00f3pez Obrador y se espera que se haga efectiva&nbsp;<a href=\"outlook-data-detector:\/\/6\">el 30 de abril<\/a>.<\/p>\n\n\n\n<p>Seguramente su papel como legislador va a ser bastante destacado y quiz\u00e1s algunos grupos de la 4T no vean con buenos ojos que el xalape\u00f1o por adopci\u00f3n se coloque en una posici\u00f3n que le d\u00e9 m\u00e1s reflectores que Aduanas.<\/p>\n\n\n\n<p>Lo que s\u00ed es que ahorita no es tiempo para politiquer\u00edas, pero de que alborot\u00f3 el gallinero, lo alborot\u00f3.<\/p>\n\n\n\n<p><strong>NOTA PARA PEGAR EN EL REFRI: <\/strong>Lo comenta el reportero Carlos Navarrete: &#8220;Por primera vez en 200 a\u00f1os de historia, el Gran Caf\u00e9 de la Parroquia del puerto de Veracruz cerr\u00f3 sus puertas a consecuencia de la contingencia sanitaria por el COVID-19. Nunca antes, en dos siglos desde su fundaci\u00f3n, el conocido restaurante hab\u00eda parado actividades. Sin embargo, la emergencia nacional que se vive a consecuencia del coronavirus, hizo que los due\u00f1os decidieron cerrar hasta nuevo aviso. Anteriormente, el caf\u00e9 cerraba \u00fanicamente dos veces al a\u00f1o:\u00a0<a href=\"outlook-data-detector:\/\/7\">el 1 de enero y el 1 de mayo<\/a>, sin embargo en esta ocasi\u00f3n ser\u00e1 por m\u00e1s tiempo. Ayer mi\u00e9rcoles fue el \u00faltimo d\u00eda de actividades del caf\u00e9, sin embargo, desde hace tiempo ya ven\u00eda registrando una afluencia cada vez menor de comensales&#8221;.<\/p>\n\n\n\n<p><strong>OTRA NOTA: <\/strong>La otra noticia-bomba de\u00a0<a href=\"outlook-data-detector:\/\/10\">este jueves<\/a>\u00a0desde muy temprano (y vaya que hubo informaci\u00f3n) fue el embargo que hizo el Servicio de Administraci\u00f3n Tributaria a la familia del exgobernador Miguel Alem\u00e1n Velasco, por las deudas que tiene su aerol\u00ednea Interjet. Y el embargo no fue en cualquier terrenito, sino en la mera exresidencia de su pap\u00e1 en Polanco (all\u00e1 donde viven los fif\u00eds en la CDMX), el expresidente Miguel Alem\u00e1n Vald\u00e9s, que es sede de su fundaci\u00f3n y adem\u00e1s es un museo con sala de armas, biblioteca, entre otras cosas exhibidas que fueron parte de las propiedades de originario de Sayula. Como a mediod\u00eda, el Grupo Alem\u00e1n mand\u00f3 un comunicado confirmando el embargo, pero tambi\u00e9n dando a conocer que ya se hab\u00eda llegado a un acuerdo con el SAT para atender sus obligaciones hacendarias &#8220;sin que ello implique la condonaci\u00f3n de impuestos&#8221;. Por cierto, Don Miguel es uno de los empresarios que m\u00e1s habla bien del presidente, pero curiosamente (al menos as\u00ed parece ser) no le dan el mismo trato que a Ricardo Salinas, el due\u00f1o de TvAzteca.<\/p>\n\n\n\n<p><strong>LA \u00daLTIMA PORQUE EST\u00c1 CHIDA LA NOCHE LUEGO DE LA LLUVIA: <\/strong>Al que detectaron esta ma\u00f1ana entregando despensas a toda velocidad fue a personal de Desarrollo Social del Ayuntamiento de Boca del R\u00edo, en la colonia R\u00edo Jamapa. Comentan que las despensas vienen a nombre de Jaime de la Garza, titular de dicho departamento, y quien casualmente es el &#8220;gallo&#8221; del alcalde Humberto Morelli a la alcald\u00eda. Jaime de la Garza fue esposo de la actual senadora Indira Rosales, muy cercana al c\u00edrculo de la familia Yunes M\u00e1rquez y al exgobernador Miguel \u00c1ngel Yunes Linares.<br><\/p>\n\n\n\n<p><strong>@pablojair<\/strong><\/p>\n","protected":false},"excerpt":{"rendered":"<p>+ Cerr\u00f3 el Gran Caf\u00e9 de la Parroquia por Coronavirus.+ Embargaron al T\u00edo Mike.+ Despensas electoreras en Boca del R\u00edo. &#8220;Ciencia neoliberal&#8221;&#8230; Dir\u00eda el buen Polo-Polo: &#8220;M\u00e1mate eeesaaa&#8221;&#8230;&#8211;Chopenjawer Gran impacto tuvo en la aldea la noticia de la renuncia del administrador general de Aduanas en el pa\u00eds, Ricardo Ahued Bardahuil. La primicia la tuvo la [&hellip;]<\/p>\n","protected":false},"author":1,"featured_media":488,"comment_status":"open","ping_status":"open","sticky":false,"template":"","format":"standard","meta":{"_jetpack_memberships_contains_paid_content":false,"footnotes":""},"categories":[11],"tags":[],"class_list":["post-2080","post","type-post","status-publish","format-standard","has-post-thumbnail","hentry","category-opinion"],"jetpack_featured_media_url":"https:\/\/encuentroinformativo.com.mx\/wp-content\/uploads\/2020\/03\/F471F608-BA1A-416B-BA7B-BCFB24F4E6D0.jpeg","jetpack_sharing_enabled":true,"jetpack_likes_enabled":true,"amp_enabled":true,"_links":{"self":[{"href":"https:\/\/encuentroinformativo.com.mx\/index.php?rest_route=\/wp\/v2\/posts\/2080","targetHints":{"allow":["GET"]}}],"collection":[{"href":"https:\/\/encuentroinformativo.com.mx\/index.php?rest_route=\/wp\/v2\/posts"}],"about":[{"href":"https:\/\/encuentroinformativo.com.mx\/index.php?rest_route=\/wp\/v2\/types\/post"}],"author":[{"embeddable":true,"href":"https:\/\/encuentroinformativo.com.mx\/index.php?rest_route=\/wp\/v2\/users\/1"}],"replies":[{"embeddable":true,"href":"https:\/\/encuentroinformativo.com.mx\/index.php?rest_route=%2Fwp%2Fv2%2Fcomments&post=2080"}],"version-history":[{"count":1,"href":"https:\/\/encuentroinformativo.com.mx\/index.php?rest_route=\/wp\/v2\/posts\/2080\/revisions"}],"predecessor-version":[{"id":2081,"href":"https:\/\/encuentroinformativo.com.mx\/index.php?rest_route=\/wp\/v2\/posts\/2080\/revisions\/2081"}],"wp:featuredmedia":[{"embeddable":true,"href":"https:\/\/encuentroinformativo.com.mx\/index.php?rest_route=\/wp\/v2\/media\/488"}],"wp:attachment":[{"href":"https:\/\/encuentroinformativo.com.mx\/index.php?rest_route=%2Fwp%2Fv2%2Fmedia&parent=2080"}],"wp:term":[{"taxonomy":"category","embeddable":true,"href":"https:\/\/encuentroinformativo.com.mx\/index.php?rest_route=%2Fwp%2Fv2%2Fcategories&post=2080"},{"taxonomy":"post_tag","embeddable":true,"href":"https:\/\/encuentroinformativo.com.mx\/index.php?rest_route=%2Fwp%2Fv2%2Ftags&post=2080"}],"curies":[{"name":"wp","href":"https:\/\/api.w.org\/{rel}","templated":true}]}}