{"id":20804,"date":"2021-11-28T10:23:21","date_gmt":"2021-11-28T16:23:21","guid":{"rendered":"https:\/\/encuentroinformativo.com.mx\/?p=20804"},"modified":"2021-11-28T12:28:49","modified_gmt":"2021-11-28T18:28:49","slug":"fueron-los-yunes-quienes-denunciaron-a-tito-delfin","status":"publish","type":"post","link":"https:\/\/encuentroinformativo.com.mx\/?p=20804","title":{"rendered":"FUERON LOS YUNES QUIENES DENUNCIARON A TITO DELF\u00cdN"},"content":{"rendered":"\n<p><strong>@pablojair<\/strong><\/p>\n\n\n\n<p>Los Yunes siempre utilizaron a Tito Delf\u00edn\u2026 y \u00e9l lo sab\u00eda.<\/p>\n\n\n\n<p>Desde que se supo que el exalcalde de Tierra Blanca, Tito Delf\u00edn Cano, iba a ser quien encabezar\u00e1 la f\u00f3rmula del grupo yunista para competir por la dirigencia estatal del PAN, hab\u00eda algo raro; como que no encajaba.<\/p>\n\n\n\n<p>De entrada, Tito pertenece m\u00e1s a una generaci\u00f3n de panistas tradicionales, con una edad que no le corresponder\u00eda a la nueva camada de los panistas que dice representar, que son j\u00f3venes liderados por la familia Yunes M\u00e1rquez, cuyo patriarca, el exgobernador Miguel \u00c1ngel Yunes Linares, permanece oculto, exiliado, desde que la Cuarta Transformaci\u00f3n se instal\u00f3 en la Presidencia de la Rep\u00fablica y el Gobierno de Veracruz.<\/p>\n\n\n\n<p>Tito parec\u00eda ser m\u00e1s del grupo de Julen Rementer\u00eda; de esos panistas con m\u00e1s tiempo y otra formaci\u00f3n, por eso era un candidato: no del perfil que buscan los Yunes.&nbsp;<\/p>\n\n\n\n<p>No obstante, por algo o con algo lo convencieron de sumarse al Yunismo.<\/p>\n\n\n\n<p>Ahora se sabe que todo este tiempo fue presionado \u2014el m\u00e9todo favorito de Yunes Linares\u2014 para \u201cintegrarse\u201d a su grupo, porque los planes, muy perversos, eran utilizarlo s\u00f3lo como un parapeto al cual quitar\u00edan o har\u00edan renunciar de la dirigencia estatal del PAN (si es que la ganaban) y dejar a quien s\u00ed es de su grupo: Indira Rosales, la senadora que s\u00ed es cercana al grupo yunista.<\/p>\n\n\n\n<p>Pero el destino se les adelant\u00f3 por unas denuncias que iniciaron los mismos yunistas en 2017, ya siendo gobernador Miguel \u00c1ngel Yunes Linares y teniendo como fiscal general del Estado a su abogado personal: Jorge Winckler Ortiz, hoy pr\u00f3fugo de la justicia.<\/p>\n\n\n\n<p>Al parecer a los Yunes y a sus pregoneros se les olvid\u00f3 la denuncia por fraude que ellos mismos presentaron en mayo de 2017 en la instancia regional de Cosamaloapan. Las afectadas fueron unas empresas cuando Tito Delf\u00edn era alcalde de Tierra Blanca.<\/p>\n\n\n\n<p>Como Tierra Blanca era un basti\u00f3n panista \u2014donde todav\u00eda quedan algunos resabios\u2014 el entonces gobernador Yunes opt\u00f3 por usar la denuncia s\u00f3lo para coaccionar a quien pod\u00eda quiz\u00e1s ayudarles con el proyecto familiar pol\u00edtico en esa regi\u00f3n, por lo que decidieron ocultar la corruptelas de Don Tito y, por ende, volverse c\u00f3mplices.<\/p>\n\n\n\n<p>Se sabe tambi\u00e9n que adem\u00e1s del delito de fraude, los denunciantes comprobaron omisiones y abuso de autoridad por parte del entonces alcalde en el 2012, pero la Fiscal\u00eda yunista (a cargo de Winckler) tampoco hizo nada por investigar.<\/p>\n\n\n\n<p>Trat\u00e1ndose de un caso de corrupci\u00f3n, se turn\u00f3 a la Fiscal\u00eda Especializada Anticorrupci\u00f3n de Marcos Even Torres Zamudio (yunista tambi\u00e9n pr\u00f3fugo de la justicia) quien la admiti\u00f3 el 6 de junio del 2019, quedando en la carpeta FECCEV\/406\/2019.<\/p>\n\n\n\n<p>Se trata de una de las tantas carpetas que Winckler y Marcos Even, iniciaron y extra\u00f1amente guardaron despu\u00e9s.<\/p>\n\n\n\n<p>Tampoco es para extra\u00f1arse mucho, pues as\u00ed operaba el exgobernador: intimidaba con la Fiscal\u00eda General del Estado a quienes consideraba sus adversarios pol\u00edticos, y no pocos exfuncionarios fueron enviados a la c\u00e1rcel; otros, como Tito Delf\u00edn, decidieron cooperar y declarar lealtad al exgobernador y a sus hijos Miguel y Fernando.<\/p>\n\n\n\n<p>Aunado a las denuncias, dicen en Tierra Blanca que es bien conocido que el ahora preso se enriqueci\u00f3 inexplicablemente durante y despu\u00e9s de su carrera pol\u00edtica. Hay incluso un se\u00f1alamiento acerca de una presunta obra por 40 millones que nunca se hizo y fue ventilado en medios locales.<\/p>\n\n\n\n<p>Es por eso que en algunos c\u00edrculos pol\u00edticos de alto nivel (inclusive dentro del PAN mismo) se dice que quien \u201cpuso el dedo\u201d a Tito Delf\u00edn fueron los propios Yunes.<\/p>\n\n\n\n<p>De cualquier manera, se sabe por fuentes del CEN del PAN que en encuestas ten\u00edan ya medida la pr\u00f3xima elecci\u00f3n interna del blanquiazul en Veracruz: la f\u00f3rmula ganadora hasta el momento es la de Joaqu\u00edn Guzm\u00e1n Avil\u00e9s como presidente del partido y Mayra Cort\u00e9s para la secretar\u00eda general; la de Tito Delf\u00edn e Indira Rosales estaba derrotada hasta hace unos d\u00edas.<\/p>\n\n\n\n<p>La detenci\u00f3n de Tito, no obstante, la capitalizar\u00e1n los Yunes como un esc\u00e1ndalo para hacer esc\u00e1ndalo medi\u00e1tico y capitalizar el ruido con victimizaci\u00f3n a favor de su amiga Indira, quien podr\u00eda ser la nueva candidata a presidenta o llega otro cercano a la familia.<\/p>\n\n\n\n<p>Falta ver qu\u00e9 ocurre en las pr\u00f3ximas horas: hasta el cierre de esta edici\u00f3n no hab\u00eda una vinculaci\u00f3n a proceso, una acusaci\u00f3n sobre Tito Delf\u00edn que definitivamente lo mantenga en la c\u00e1rcel y se convierta en el nuevo Rogelio \u201cN\u201d que s\u00f3lo sirvi\u00f3 un ratito para bandera de los Yunes, sacando raja pol\u00edtica hasta donde pudieron.<\/p>\n\n\n\n<p>Y es que las actuales FGE y la Fiscal\u00eda Anticorrupci\u00f3n no son omisas ni c\u00f3mplices, ni se prestan a componendas como evidentemente s\u00ed lo hicieron los yunistas c\u00f3mplices de la corrupci\u00f3n. Por eso mismo, las denuncias que los Yunes interpusieron contra Tito todav\u00eda, hasta donde se sabe, estaban vigentes y s\u00f3lo era cuesti\u00f3n de tiempo para que el exalcalde de Tierra Blanca respondiera por los se\u00f1alamientos.<\/p>\n\n\n\n<p>Qui\u00e9n lo dir\u00eda: las denuncias que sus propios \u201camigos\u201d Yunes le interpusieron a Tito, son las que ahora causaron su detenci\u00f3n. M\u00ednimo, creo yo, deber\u00edan pagarle un abogado de esos caros para el proceso.<\/p>\n","protected":false},"excerpt":{"rendered":"<p>@pablojair Los Yunes siempre utilizaron a Tito Delf\u00edn\u2026 y \u00e9l lo sab\u00eda. Desde que se supo que el exalcalde de Tierra Blanca, Tito Delf\u00edn Cano, iba a ser quien encabezar\u00e1 la f\u00f3rmula del grupo yunista para competir por la dirigencia estatal del PAN, hab\u00eda algo raro; como que no encajaba. De entrada, Tito pertenece m\u00e1s [&hellip;]<\/p>\n","protected":false},"author":1,"featured_media":488,"comment_status":"open","ping_status":"open","sticky":false,"template":"","format":"standard","meta":{"_jetpack_memberships_contains_paid_content":false,"footnotes":""},"categories":[11],"tags":[],"class_list":["post-20804","post","type-post","status-publish","format-standard","has-post-thumbnail","hentry","category-opinion"],"jetpack_featured_media_url":"https:\/\/encuentroinformativo.com.mx\/wp-content\/uploads\/2020\/03\/F471F608-BA1A-416B-BA7B-BCFB24F4E6D0.jpeg","jetpack_sharing_enabled":true,"jetpack_likes_enabled":true,"amp_enabled":true,"_links":{"self":[{"href":"https:\/\/encuentroinformativo.com.mx\/index.php?rest_route=\/wp\/v2\/posts\/20804","targetHints":{"allow":["GET"]}}],"collection":[{"href":"https:\/\/encuentroinformativo.com.mx\/index.php?rest_route=\/wp\/v2\/posts"}],"about":[{"href":"https:\/\/encuentroinformativo.com.mx\/index.php?rest_route=\/wp\/v2\/types\/post"}],"author":[{"embeddable":true,"href":"https:\/\/encuentroinformativo.com.mx\/index.php?rest_route=\/wp\/v2\/users\/1"}],"replies":[{"embeddable":true,"href":"https:\/\/encuentroinformativo.com.mx\/index.php?rest_route=%2Fwp%2Fv2%2Fcomments&post=20804"}],"version-history":[{"count":1,"href":"https:\/\/encuentroinformativo.com.mx\/index.php?rest_route=\/wp\/v2\/posts\/20804\/revisions"}],"predecessor-version":[{"id":20805,"href":"https:\/\/encuentroinformativo.com.mx\/index.php?rest_route=\/wp\/v2\/posts\/20804\/revisions\/20805"}],"wp:featuredmedia":[{"embeddable":true,"href":"https:\/\/encuentroinformativo.com.mx\/index.php?rest_route=\/wp\/v2\/media\/488"}],"wp:attachment":[{"href":"https:\/\/encuentroinformativo.com.mx\/index.php?rest_route=%2Fwp%2Fv2%2Fmedia&parent=20804"}],"wp:term":[{"taxonomy":"category","embeddable":true,"href":"https:\/\/encuentroinformativo.com.mx\/index.php?rest_route=%2Fwp%2Fv2%2Fcategories&post=20804"},{"taxonomy":"post_tag","embeddable":true,"href":"https:\/\/encuentroinformativo.com.mx\/index.php?rest_route=%2Fwp%2Fv2%2Ftags&post=20804"}],"curies":[{"name":"wp","href":"https:\/\/api.w.org\/{rel}","templated":true}]}}