{"id":20806,"date":"2021-11-28T14:07:48","date_gmt":"2021-11-28T20:07:48","guid":{"rendered":"https:\/\/encuentroinformativo.com.mx\/?p=20806"},"modified":"2021-11-28T14:07:56","modified_gmt":"2021-11-28T20:07:56","slug":"panistas-llaman-a-cerrar-filas-por-detencion-de-tito-delfin","status":"publish","type":"post","link":"https:\/\/encuentroinformativo.com.mx\/?p=20806","title":{"rendered":"Panistas llaman a cerrar filas por detenci\u00f3n de Tito Delf\u00edn"},"content":{"rendered":"\n<p><strong>Juan Arcos<\/strong><\/p>\n\n\n\n<p>Xalapa, Ver.- El candidato a la dirigencia estatal del Partido Acci\u00f3n Nacional (PAN) en Veracruz, Joaqu\u00edn Guzm\u00e1n Avil\u00e9s, exigi\u00f3 al gobierno que esclarezca los hechos que derivaron en la detenci\u00f3n de su compa\u00f1ero de partido Tito Delf\u00edn Cano.<\/p>\n\n\n\n<p>\u201cExigimos a las autoridades de justicia del estado y de la Federaci\u00f3n el m\u00e1s pronto esclarecimiento de los hechos que han originado la detenci\u00f3n de nuestro compa\u00f1ero. Convocamos a la militancia panista de todas las extracciones y afinidades a cerrar filas, dejar de lado diferencias y pronunciarnos en favor de la legalidad y la transparencia de estos estos hechos que a todos nos preocupan\u201d, expres\u00f3.<\/p>\n\n\n\n<p>Su contrincante en el proceso interno para la renovaci\u00f3n del Comit\u00e9 Directivo Estatal (CDE) fue detenido la tarde del s\u00e1bado, al terminar un mitin en el municipio de \u00c1lamo Temapache, en la zona norte del estado.<\/p>\n\n\n\n<p>El panista fue arrestado por polic\u00edas ministeriales cuando pasaba un ret\u00e9n sobre la carretera \u00c1lamo-Cazones de Herrera, alrededor de la cinco de la tarde.<\/p>\n\n\n\n<p>En un pronunciamiento, Guzm\u00e1n Avil\u00e9s enfatiz\u00f3 que nadie que sea inocente debe estar en la c\u00e1rcel.<\/p>\n\n\n\n<p>\u201cUn derecho humano que el Estado debe garantizar es el de la libre asociaci\u00f3n pol\u00edtica para cualquier ciudadano\u201d, a\u00f1adi\u00f3.\u00a0<br>Por su parte, el vicecoordinador del grupo legislativo del PAN en el Congreso local, Bingen Rementer\u00eda Molina, denunci\u00f3 que la detenci\u00f3n fue arbitraria y tiene tintes pol\u00edticos.<\/p>\n\n\n\n<p>\u201cEs sorprendente y muy preocupante ver hasta donde est\u00e1 llegando Morena. Esto ya no es un gobierno, es una dictadura, y los veracruzanos deber\u00edan prestar mucha atenci\u00f3n a estas acciones, porque pareciera que la diferencia de ideas en Veracruz ya es un delito\u201d.<\/p>\n\n\n\n<p>El Diputado local exigi\u00f3 al gobierno del estado respetar los derechos de Delf\u00edn Cano y rendir una explicaci\u00f3n a la sociedad veracruzana sobre este arresto \u201carbitrario\u201d.<\/p>\n","protected":false},"excerpt":{"rendered":"<p>Juan Arcos Xalapa, Ver.- El candidato a la dirigencia estatal del Partido Acci\u00f3n Nacional (PAN) en Veracruz, Joaqu\u00edn Guzm\u00e1n Avil\u00e9s, exigi\u00f3 al gobierno que esclarezca los hechos que derivaron en la detenci\u00f3n de su compa\u00f1ero de partido Tito Delf\u00edn Cano. \u201cExigimos a las autoridades de justicia del estado y de la Federaci\u00f3n el m\u00e1s pronto [&hellip;]<\/p>\n","protected":false},"author":1,"featured_media":20807,"comment_status":"open","ping_status":"open","sticky":false,"template":"","format":"standard","meta":{"_jetpack_memberships_contains_paid_content":false,"footnotes":""},"categories":[2],"tags":[],"class_list":["post-20806","post","type-post","status-publish","format-standard","has-post-thumbnail","hentry","category-estado"],"jetpack_featured_media_url":"https:\/\/encuentroinformativo.com.mx\/wp-content\/uploads\/2021\/11\/8A6F20DD-E568-4774-B0D5-7D71204175EB.jpeg","jetpack_sharing_enabled":true,"jetpack_likes_enabled":true,"amp_enabled":true,"_links":{"self":[{"href":"https:\/\/encuentroinformativo.com.mx\/index.php?rest_route=\/wp\/v2\/posts\/20806","targetHints":{"allow":["GET"]}}],"collection":[{"href":"https:\/\/encuentroinformativo.com.mx\/index.php?rest_route=\/wp\/v2\/posts"}],"about":[{"href":"https:\/\/encuentroinformativo.com.mx\/index.php?rest_route=\/wp\/v2\/types\/post"}],"author":[{"embeddable":true,"href":"https:\/\/encuentroinformativo.com.mx\/index.php?rest_route=\/wp\/v2\/users\/1"}],"replies":[{"embeddable":true,"href":"https:\/\/encuentroinformativo.com.mx\/index.php?rest_route=%2Fwp%2Fv2%2Fcomments&post=20806"}],"version-history":[{"count":1,"href":"https:\/\/encuentroinformativo.com.mx\/index.php?rest_route=\/wp\/v2\/posts\/20806\/revisions"}],"predecessor-version":[{"id":20808,"href":"https:\/\/encuentroinformativo.com.mx\/index.php?rest_route=\/wp\/v2\/posts\/20806\/revisions\/20808"}],"wp:featuredmedia":[{"embeddable":true,"href":"https:\/\/encuentroinformativo.com.mx\/index.php?rest_route=\/wp\/v2\/media\/20807"}],"wp:attachment":[{"href":"https:\/\/encuentroinformativo.com.mx\/index.php?rest_route=%2Fwp%2Fv2%2Fmedia&parent=20806"}],"wp:term":[{"taxonomy":"category","embeddable":true,"href":"https:\/\/encuentroinformativo.com.mx\/index.php?rest_route=%2Fwp%2Fv2%2Fcategories&post=20806"},{"taxonomy":"post_tag","embeddable":true,"href":"https:\/\/encuentroinformativo.com.mx\/index.php?rest_route=%2Fwp%2Fv2%2Ftags&post=20806"}],"curies":[{"name":"wp","href":"https:\/\/api.w.org\/{rel}","templated":true}]}}