{"id":20809,"date":"2021-11-28T14:27:10","date_gmt":"2021-11-28T20:27:10","guid":{"rendered":"https:\/\/encuentroinformativo.com.mx\/?p=20809"},"modified":"2021-11-28T14:27:14","modified_gmt":"2021-11-28T20:27:14","slug":"dictan-prision-preventiva-a-tito-n","status":"publish","type":"post","link":"https:\/\/encuentroinformativo.com.mx\/?p=20809","title":{"rendered":"Dictan prisi\u00f3n preventiva a Tito \u201cN\u201d"},"content":{"rendered":"\n<p><strong>Juan Arcos<\/strong><\/p>\n\n\n\n<p>Xalapa, Ver.- Un juez de control dict\u00f3 la medida cautelar de prisi\u00f3n preventiva justificada contra Tito \u201dN\u201d, candidato a la dirigencia estatal del Partido Acci\u00f3n Nacional (PAN) en Veracruz, detenido por polic\u00edas ministeriales la tarde del s\u00e1bado.<\/p>\n\n\n\n<p>La Fiscal\u00eda General del Estado (FGE) inform\u00f3 que a trav\u00e9s de la Fiscal\u00eda Especializada en Combate a la Corrupci\u00f3n, ejecut\u00f3 una orden de aprehensi\u00f3n en contra del panista por su probable responsabilidad en los delitos de abuso de autoridad, incumplimiento de un deber legal y fraude.<\/p>\n\n\n\n<p>Lo anterior, derivado de la carpeta de investigaci\u00f3n por hechos denunciados el 26 de mayo de 2017 en la Unidad Integral de Procuraci\u00f3n de Justicia de Cosamaloapan, Sub-Unidad Integral de Justicia en Tierra Blanca, que dieron origen al proceso penal 394\/2021.<\/p>\n\n\n\n<p>Durante la audiencia inicial, celebrada en las Salas de Juicios Orales del penal de Pacho Viejo, municipio de Coatepec, la autoridad judicial legaliz\u00f3 la detenci\u00f3n y llev\u00f3 a cabo la imputaci\u00f3n de los delitos mencionados.<\/p>\n\n\n\n<p>Cabe recordar que Delf\u00edn Cano fue arrestado en un ret\u00e9n sobre la carretera \u00c1lamo-Cazones de Herrera, alrededor de la cinco de la tarde del s\u00e1bado 27 de noviembre, en la zona norte del estado.<\/p>\n\n\n\n<p>Tito Delf\u00edn fue presidente municipal de Tierra Blanca, ubicado al sur de Veracruz; diputado local y funcionario en el bienio de Miguel \u00c1ngel Yunes Linares.<\/p>\n\n\n\n<p>En el proceso interno del PAN para la renovaci\u00f3n de la dirigencia estatal, es el abanderado pol\u00edtico de la familia \u201cYunes\u201d, en cuya plantilla tambi\u00e9n se encuentra la senadora con licencia, Indira Rosales San Rom\u00e1n, quien aspira a la Secretar\u00eda General del Comit\u00e9 Directivo Estatal (CDE).<\/p>\n\n\n\n<p>El diputado y presidente de la Junta de Coordinaci\u00f3n Pol\u00edtica (Jucopo) en el Congreso de Veracruz, Juan Javier G\u00f3mez Cazar\u00edn, acus\u00f3 a los \u201cYunes\u201d de ocultar complicidades y corruptelas pasadas.<\/p>\n\n\n\n<p>En ese sentido, el Legislador del Movimiento de Regeneraci\u00f3n Nacional (Morena) record\u00f3 que ese mismo grupo pol\u00edtico del PAN inici\u00f3 la investigaci\u00f3n contra Delf\u00edn Cano, durante la \u00e9poca del fiscal Jorge Winckler Ortiz, por un fraude contra empresas, as\u00ed como omisiones y abuso de autoridad por parte del entonces Alcalde en el a\u00f1o 2012.<\/p>\n\n\n\n<p>\u201cEn Tierra Blanca es bien conocido que el ahora preso se enriqueci\u00f3 inexplicablemente durante y despu\u00e9s de su carrera pol\u00edtica. Trat\u00e1ndose de un caso de corrupci\u00f3n, se turn\u00f3 a la Fiscal\u00eda Especializada Anticorrupci\u00f3n de Marcos N (Yunista) quien la admiti\u00f3 el 6 de junio del 2019. Es una de las carpetas que ellos (Jorge N y Marcos N, yunistas) iniciaron y extra\u00f1amente la guardaron despu\u00e9s (complicidad a todas luces)\u201d, expres\u00f3.<\/p>\n\n\n\n<p>G\u00f3mez Cazar\u00edn acus\u00f3 que en el gobierno municipal de Tito Delf\u00edn se registraron observaciones por una da\u00f1o patrimonial superior a los 35 millones de pesos respecto a las plantas de tratamiento de aguas residuales.<\/p>\n\n\n\n<p>\u201cLas actuales FGE y la Fiscal\u00eda Anticorrupci\u00f3n no son omisas ni c\u00f3mplices ni se prestan a componendas como evidentemente s\u00ed lo hicieron los yunistas c\u00f3mplices de la corrupci\u00f3n\u201d, enfatiz\u00f3.<\/p>\n","protected":false},"excerpt":{"rendered":"<p>Juan Arcos Xalapa, Ver.- Un juez de control dict\u00f3 la medida cautelar de prisi\u00f3n preventiva justificada contra Tito \u201dN\u201d, candidato a la dirigencia estatal del Partido Acci\u00f3n Nacional (PAN) en Veracruz, detenido por polic\u00edas ministeriales la tarde del s\u00e1bado. La Fiscal\u00eda General del Estado (FGE) inform\u00f3 que a trav\u00e9s de la Fiscal\u00eda Especializada en Combate [&hellip;]<\/p>\n","protected":false},"author":1,"featured_media":20810,"comment_status":"open","ping_status":"open","sticky":false,"template":"","format":"standard","meta":{"_jetpack_memberships_contains_paid_content":false,"footnotes":""},"categories":[2],"tags":[],"class_list":["post-20809","post","type-post","status-publish","format-standard","has-post-thumbnail","hentry","category-estado"],"jetpack_featured_media_url":"https:\/\/encuentroinformativo.com.mx\/wp-content\/uploads\/2021\/11\/4490B344-693F-49B9-B05E-0BAB3D34E8E1.jpeg","jetpack_sharing_enabled":true,"jetpack_likes_enabled":true,"amp_enabled":true,"_links":{"self":[{"href":"https:\/\/encuentroinformativo.com.mx\/index.php?rest_route=\/wp\/v2\/posts\/20809","targetHints":{"allow":["GET"]}}],"collection":[{"href":"https:\/\/encuentroinformativo.com.mx\/index.php?rest_route=\/wp\/v2\/posts"}],"about":[{"href":"https:\/\/encuentroinformativo.com.mx\/index.php?rest_route=\/wp\/v2\/types\/post"}],"author":[{"embeddable":true,"href":"https:\/\/encuentroinformativo.com.mx\/index.php?rest_route=\/wp\/v2\/users\/1"}],"replies":[{"embeddable":true,"href":"https:\/\/encuentroinformativo.com.mx\/index.php?rest_route=%2Fwp%2Fv2%2Fcomments&post=20809"}],"version-history":[{"count":1,"href":"https:\/\/encuentroinformativo.com.mx\/index.php?rest_route=\/wp\/v2\/posts\/20809\/revisions"}],"predecessor-version":[{"id":20811,"href":"https:\/\/encuentroinformativo.com.mx\/index.php?rest_route=\/wp\/v2\/posts\/20809\/revisions\/20811"}],"wp:featuredmedia":[{"embeddable":true,"href":"https:\/\/encuentroinformativo.com.mx\/index.php?rest_route=\/wp\/v2\/media\/20810"}],"wp:attachment":[{"href":"https:\/\/encuentroinformativo.com.mx\/index.php?rest_route=%2Fwp%2Fv2%2Fmedia&parent=20809"}],"wp:term":[{"taxonomy":"category","embeddable":true,"href":"https:\/\/encuentroinformativo.com.mx\/index.php?rest_route=%2Fwp%2Fv2%2Fcategories&post=20809"},{"taxonomy":"post_tag","embeddable":true,"href":"https:\/\/encuentroinformativo.com.mx\/index.php?rest_route=%2Fwp%2Fv2%2Ftags&post=20809"}],"curies":[{"name":"wp","href":"https:\/\/api.w.org\/{rel}","templated":true}]}}