{"id":20818,"date":"2021-11-29T09:26:03","date_gmt":"2021-11-29T15:26:03","guid":{"rendered":"https:\/\/encuentroinformativo.com.mx\/?p=20818"},"modified":"2021-11-29T09:26:07","modified_gmt":"2021-11-29T15:26:07","slug":"esto-apenas-empieza-para-tito","status":"publish","type":"post","link":"https:\/\/encuentroinformativo.com.mx\/?p=20818","title":{"rendered":"Esto apenas empieza para Tito"},"content":{"rendered":"\n<p><strong>Los Pol\u00edticos<\/strong><\/p>\n\n\n\n<p><strong>Salvador Mu\u00f1oz<\/strong><\/p>\n\n\n\n<p>Hasta el s\u00e1bado, hay quienes esperaban que lo ocurrido a Tito Delf\u00edn Cano no pasara de un cl\u00e1sico \u201csabadazo\u201d (que no Sabadaba), pero conforme fueron pasando las horas, todo indica que la estancia del panista en chirona, ir\u00e1 para largo\u2026 salvo que se le permita enfrentar su proceso en libertad pero es seguro que usted como yo piense lo mismo: No.<\/p>\n\n\n\n<p>Bueno, pero de que sea lo contrario han de encargarse sus abogados\u2026 ahora, la pregunta es cu\u00e1l es la situaci\u00f3n en que su planilla, con la que compite por la dirigencia estatal del PAN, se ha de encontrar este lunes ante los estatutos del partido.<\/p>\n\n\n\n<p>Surgen dudas al respecto de quienes no estamos empapados de las directrices por las que se rigen los azules, como por ejemplo:<\/p>\n\n\n\n<p>1.- \u00bfQu\u00e9 pasa si el candidato a la dirigencia es sujeto a un proceso penal? \u00bfEst\u00e1 contemplada esta situaci\u00f3n o bien se le concede el beneficio de la \u201cdura\u201d y contin\u00faa al frente de la planilla aunque sea tras las rejas?<\/p>\n\n\n\n<p>2.- Bajo el supuesto de que continuara el proceso interno panista con un candidato interno en un penal, \u00bfla candidata a la secretar\u00eda general subir\u00eda en autom\u00e1tico a la cabeza de la planilla?<\/p>\n\n\n\n<p>3.- En el peor de los casos, si no hay candidato a dirigente por el lado de la planilla Tito, \u00bfestar\u00edamos hablando de que la integrada por Joaqu\u00edn Guzm\u00e1n Avil\u00e9s y Mayra Cort\u00e9s Rodr\u00edguez ya no tendr\u00eda competencia y ganar\u00eda \u201cpor defaul\u201d?<\/p>\n\n\n\n<p>Es seguro que tanto la planilla de Tito y Chapito as\u00ed como en el mismo partido, est\u00e9n analizando las condiciones y circunstancias en que se encuentra en este momento el proceso interno del PAN para atender el suceso en dos canales:<\/p>\n\n\n\n<p>1.- Suspender la renovaci\u00f3n de la dirigencia en un esp\u00edritu de solidaridad para con Tito Delf\u00edn Cano\u2026<\/p>\n\n\n\n<p>2.- O continuar el proceso interno aplicando los estatutos que marca el Partido est\u00e9 o no Tito Delf\u00edn Cano.<\/p>\n\n\n\n<p>Al final, lo que decida el partido se har\u00e1 en funci\u00f3n de lo que consideren lo mejor para el partido\u2026<\/p>\n\n\n\n<p>Por el momento, para algunos, este evento desafortunado para Tito Delf\u00edn Cano podr\u00eda dejar el camino libre para la f\u00f3rmula de Chapito y Mayra\u2026<\/p>\n\n\n\n<p>En el peor de los escenarios, y por la experiencia que deja el trance por el que viven los aliados de los yunistas que caen en procesos judiciales, el camino para Tito ser\u00e1 largo, y si no, que lo digan Rogelio Franco, Bernardo Segura, Azucena Rodr\u00edguez Zamora y Goyo G\u00f3mez, entre otros\u2026 esto apenas empieza para Tito\u2026<\/p>\n\n\n\n<p><a href=\"mailto:smcainito@gmail.com\" target=\"_blank\" rel=\"noreferrer noopener\">smcainito@gmail.com<\/a><\/p>\n","protected":false},"excerpt":{"rendered":"<p>Los Pol\u00edticos Salvador Mu\u00f1oz Hasta el s\u00e1bado, hay quienes esperaban que lo ocurrido a Tito Delf\u00edn Cano no pasara de un cl\u00e1sico \u201csabadazo\u201d (que no Sabadaba), pero conforme fueron pasando las horas, todo indica que la estancia del panista en chirona, ir\u00e1 para largo\u2026 salvo que se le permita enfrentar su proceso en libertad pero [&hellip;]<\/p>\n","protected":false},"author":1,"featured_media":387,"comment_status":"open","ping_status":"open","sticky":false,"template":"","format":"standard","meta":{"_jetpack_memberships_contains_paid_content":false,"footnotes":""},"categories":[11],"tags":[],"class_list":["post-20818","post","type-post","status-publish","format-standard","has-post-thumbnail","hentry","category-opinion"],"jetpack_featured_media_url":"https:\/\/encuentroinformativo.com.mx\/wp-content\/uploads\/2020\/03\/7CF8A22B-2764-47BE-8F7F-38FE9E5D6A2F.jpeg","jetpack_sharing_enabled":true,"jetpack_likes_enabled":true,"amp_enabled":true,"_links":{"self":[{"href":"https:\/\/encuentroinformativo.com.mx\/index.php?rest_route=\/wp\/v2\/posts\/20818","targetHints":{"allow":["GET"]}}],"collection":[{"href":"https:\/\/encuentroinformativo.com.mx\/index.php?rest_route=\/wp\/v2\/posts"}],"about":[{"href":"https:\/\/encuentroinformativo.com.mx\/index.php?rest_route=\/wp\/v2\/types\/post"}],"author":[{"embeddable":true,"href":"https:\/\/encuentroinformativo.com.mx\/index.php?rest_route=\/wp\/v2\/users\/1"}],"replies":[{"embeddable":true,"href":"https:\/\/encuentroinformativo.com.mx\/index.php?rest_route=%2Fwp%2Fv2%2Fcomments&post=20818"}],"version-history":[{"count":1,"href":"https:\/\/encuentroinformativo.com.mx\/index.php?rest_route=\/wp\/v2\/posts\/20818\/revisions"}],"predecessor-version":[{"id":20819,"href":"https:\/\/encuentroinformativo.com.mx\/index.php?rest_route=\/wp\/v2\/posts\/20818\/revisions\/20819"}],"wp:featuredmedia":[{"embeddable":true,"href":"https:\/\/encuentroinformativo.com.mx\/index.php?rest_route=\/wp\/v2\/media\/387"}],"wp:attachment":[{"href":"https:\/\/encuentroinformativo.com.mx\/index.php?rest_route=%2Fwp%2Fv2%2Fmedia&parent=20818"}],"wp:term":[{"taxonomy":"category","embeddable":true,"href":"https:\/\/encuentroinformativo.com.mx\/index.php?rest_route=%2Fwp%2Fv2%2Fcategories&post=20818"},{"taxonomy":"post_tag","embeddable":true,"href":"https:\/\/encuentroinformativo.com.mx\/index.php?rest_route=%2Fwp%2Fv2%2Ftags&post=20818"}],"curies":[{"name":"wp","href":"https:\/\/api.w.org\/{rel}","templated":true}]}}