{"id":2082,"date":"2020-04-24T12:31:08","date_gmt":"2020-04-24T17:31:08","guid":{"rendered":"https:\/\/encuentroinformativo.com\/?p=2082"},"modified":"2020-04-24T12:31:10","modified_gmt":"2020-04-24T17:31:10","slug":"ahued-siendo-ahued","status":"publish","type":"post","link":"https:\/\/encuentroinformativo.com.mx\/?p=2082","title":{"rendered":"Ahued siendo Ahued"},"content":{"rendered":"\n<p><strong>Los Pol\u00edticos<\/strong><\/p>\n\n\n\n<p><strong>Salvador Mu\u00f1oz<\/strong><br><\/p>\n\n\n\n<p>La renuncia de Ricardo Ahued tiene la cantidad de lecturas que tranquilamente podr\u00edan superar el n\u00famero de casos de sospechosos, confirmados y descartados de Covid-19 en Veracruz, pero as\u00ed como cada quien puede hablar de las razones de Ahued, igual se puede enfocar al empresario metido a la grilla, como un aut\u00e9ntico term\u00f3metro pol\u00edtico de c\u00f3mo est\u00e1n las cosas, tanto en la entidad como en el Gobierno estatal\u2026 dando un rasp\u00f3n al federal\u2026 me explico:<\/p>\n\n\n\n<p>La confirmaci\u00f3n de la renuncia de Ahued Bardahuil a Aduanas, gener\u00f3 escenarios inmediatos:<\/p>\n\n\n\n<p>A) Algo vio que no le gust\u00f3<\/p>\n\n\n\n<p>Que dentro de la l\u00f3gica ahuedista, se enfoca a la defensa de la impoluta carrera pol\u00edtica y administrativa que lleva don Ricardo\u2026 en buen castellano, \u201cno se quiso ensuciar las manos\u201d.<\/p>\n\n\n\n<p>Para nadie es un secreto que Aduanas es entrada y salida de corrupci\u00f3n y pretender ordenar esto, implica cortarle una cabeza a Hydra.<\/p>\n\n\n\n<p>B) A alguien le estorba<br>Por ende, siempre bajo el esquema ahuedista, al no querer participar en el punto A, es seguro que hubo fricciones con otras autoridades y lo mejor era poner tierra de por medio.<\/p>\n\n\n\n<p>Un escenario muy jalado de los pelos (muy complicado para Ahued), ser\u00eda que fuera parte de una estrategia pol\u00edtica que viniera a darle honor a la administraci\u00f3n de Cuitl\u00e1huac Garc\u00eda\u2026 \u00bfc\u00f3mo? Ocupando el puesto que ocupa Eric Cisneros Burgos en aras de convertirse en un puente pol\u00edtico del Gobierno estatal con las diversas fuerzas pol\u00edticas de la entidad, que van desde los otros poderes, alcaldes, partidos y organizaciones\u2026<\/p>\n\n\n\n<p>De que pueda o no ocupar tal cargo no es nada que se pueda salvar, ahora que Morena ha entendido que Poder alcanzado, es Poder ejercido\u2026<\/p>\n\n\n\n<p>Un escenario m\u00e1s es el que Inocencio Y\u00e1\u00f1ez Vicencio expone:<\/p>\n\n\n\n<p>\u201cEst\u00e1 muy claro que el proyecto que el 2018 abraz\u00f3 Ricardo Ahued, no es lo que parec\u00eda. Para empezar, dada su aureola de honestidad pol\u00edtica e intelectual, con su presencia en la administraci\u00f3n de AMLO, no puede seguir avalando el saqueo que los morenistas est\u00e1n realizando a la naci\u00f3n y que si en el PRI ten\u00eda libertad para criticar, hoy es evidente que est\u00e1 amordazado, por lo que no puede seguir dentro de una banda que destruye instituciones y lleva a la bancarrota a M\u00e9xico, m\u00e1s cuando sabe que el dedo presidencial lo podr\u00e1 hacer candidato pero, tomando en cuenta el rechazo popular, no lo podr\u00e1 hacer gobernador, por lo que debe bajarse de esa aventura antes que pierda m\u00e1s credibilidad y la depresi\u00f3n que est\u00e1 generando el coronavirus, lo arrastre a \u00e9l y a los negocios que est\u00e1 descuidando por ese fiasco pol\u00edtico llamado Morena. Bienvenido a la libertad. T\u00fa decides, Ricardo\u201d.<\/p>\n\n\n\n<p>Se insiste: Ahued da para las lecturas que uno quiera, y aunque todas son harto interesantes, ninguna tiene el alcance de lo que es capaz de generar el empresario del pl\u00e1stico en muchos sectores de la sociedad pero sobre todo en Gobierno del Estado&#8230; <br>1.- Por un lado, entre los ciudadanos, genera expectativa ante la esperanza de que arribe al Gobierno del Estado\u2026 la gente lo quiere\u2026 y si me apuran, m\u00e1s y por mucho que al Gobernador.<\/p>\n\n\n\n<p>2.- Por otro lado, en el Gobierno del Estado, ha de causar escozor el tener que saber qu\u00e9 tan mal es la percepci\u00f3n pol\u00edtica y ciudadana que se tiene de su administraci\u00f3n para que sea un ex pri\u00edsta el que genere la idea de que con su sola presencia, se pueda sacar a flote la nave que se est\u00e1 hundiendo\u2026<\/p>\n\n\n\n<p>Ahued no deja de ser un Activo pol\u00edtico por s\u00ed solo interesante\u2026 pero m\u00e1s interesante ser\u00e1 saber qu\u00e9 papel es el que ha de jugar en el Senado una vez que regrese a \u00e9l\u2026 si ha de jugar a la comparsa como el resto de los Morenos levantadedos, o empezar\u00e1 a ser Ahued, el Ahued al que nos tiene acostumbrado a ver\u2026<br><\/p>\n\n\n\n<p><a href=\"mailto:smcainito@gmail.com\" target=\"_blank\" rel=\"noreferrer noopener\">smcainito@gmail.com<\/a><\/p>\n","protected":false},"excerpt":{"rendered":"<p>Los Pol\u00edticos Salvador Mu\u00f1oz La renuncia de Ricardo Ahued tiene la cantidad de lecturas que tranquilamente podr\u00edan superar el n\u00famero de casos de sospechosos, confirmados y descartados de Covid-19 en Veracruz, pero as\u00ed como cada quien puede hablar de las razones de Ahued, igual se puede enfocar al empresario metido a la grilla, como un [&hellip;]<\/p>\n","protected":false},"author":1,"featured_media":387,"comment_status":"open","ping_status":"open","sticky":false,"template":"","format":"standard","meta":{"_jetpack_memberships_contains_paid_content":false,"footnotes":""},"categories":[11],"tags":[],"class_list":["post-2082","post","type-post","status-publish","format-standard","has-post-thumbnail","hentry","category-opinion"],"jetpack_featured_media_url":"https:\/\/encuentroinformativo.com.mx\/wp-content\/uploads\/2020\/03\/7CF8A22B-2764-47BE-8F7F-38FE9E5D6A2F.jpeg","jetpack_sharing_enabled":true,"jetpack_likes_enabled":true,"amp_enabled":true,"_links":{"self":[{"href":"https:\/\/encuentroinformativo.com.mx\/index.php?rest_route=\/wp\/v2\/posts\/2082","targetHints":{"allow":["GET"]}}],"collection":[{"href":"https:\/\/encuentroinformativo.com.mx\/index.php?rest_route=\/wp\/v2\/posts"}],"about":[{"href":"https:\/\/encuentroinformativo.com.mx\/index.php?rest_route=\/wp\/v2\/types\/post"}],"author":[{"embeddable":true,"href":"https:\/\/encuentroinformativo.com.mx\/index.php?rest_route=\/wp\/v2\/users\/1"}],"replies":[{"embeddable":true,"href":"https:\/\/encuentroinformativo.com.mx\/index.php?rest_route=%2Fwp%2Fv2%2Fcomments&post=2082"}],"version-history":[{"count":1,"href":"https:\/\/encuentroinformativo.com.mx\/index.php?rest_route=\/wp\/v2\/posts\/2082\/revisions"}],"predecessor-version":[{"id":2083,"href":"https:\/\/encuentroinformativo.com.mx\/index.php?rest_route=\/wp\/v2\/posts\/2082\/revisions\/2083"}],"wp:featuredmedia":[{"embeddable":true,"href":"https:\/\/encuentroinformativo.com.mx\/index.php?rest_route=\/wp\/v2\/media\/387"}],"wp:attachment":[{"href":"https:\/\/encuentroinformativo.com.mx\/index.php?rest_route=%2Fwp%2Fv2%2Fmedia&parent=2082"}],"wp:term":[{"taxonomy":"category","embeddable":true,"href":"https:\/\/encuentroinformativo.com.mx\/index.php?rest_route=%2Fwp%2Fv2%2Fcategories&post=2082"},{"taxonomy":"post_tag","embeddable":true,"href":"https:\/\/encuentroinformativo.com.mx\/index.php?rest_route=%2Fwp%2Fv2%2Ftags&post=2082"}],"curies":[{"name":"wp","href":"https:\/\/api.w.org\/{rel}","templated":true}]}}