{"id":20823,"date":"2021-11-29T11:49:07","date_gmt":"2021-11-29T17:49:07","guid":{"rendered":"https:\/\/encuentroinformativo.com.mx\/?p=20823"},"modified":"2021-11-29T11:49:11","modified_gmt":"2021-11-29T17:49:11","slug":"reclaman-fomentar-cultura-de-la-inclusion-en-veracruz","status":"publish","type":"post","link":"https:\/\/encuentroinformativo.com.mx\/?p=20823","title":{"rendered":"Reclaman fomentar cultura de la inclusi\u00f3n en Veracruz"},"content":{"rendered":"\n<p><strong>Dar\u00edo Pale<\/strong><\/p>\n\n\n\n<p>Xalapa, Ver.- A pesar de que Veracruz cuenta con m\u00e1s de 1.5 millones de personas con alg\u00fan tipo de discapacidad no ha sido inclusivo ya que no se respetan las leyes incluso hay escuelas donde no los reciben.<\/p>\n\n\n\n<p>En conferencia de prensa realizada en conocido caf\u00e9 del centro de Xalapa, integrantes de varias empresas como <em>Paola en Baile<\/em>, <em>Haptizar<\/em> y <em>Codemunyx<\/em>, dieron a conocer que por ejemplo en los planteles escolares muchas veces ni siquiera aceptan inscribirlos.<\/p>\n\n\n\n<p>A pesar de que existen pol\u00edticas p\u00fablicas y ordenamientos legales para que haya una inclusi\u00f3n real de las personas con alg\u00fan tipo de discapacidad, en Veracruz no se respetan al cien por ciento a pesar de contar con m\u00e1s de 1.5 millones de personas con alg\u00fan tipo de discapacidad.<\/p>\n\n\n\n<p>&#8220;Existen leyes que se han preocupado por cubrir esta parte de un sector de la poblaci\u00f3n, pero hace falta que sean funcionales, que tengan el contacto con las personas, que sepan que son aplicadas y que van a ayudar, que van a ser bien utilizadas&#8221;, se\u00f1alaron.<\/p>\n\n\n\n<p>&#8220;M\u00e1s all\u00e1 de crear, de aprobar, deben acercarse, convivir y que se aseguren que son funcionales&#8221;, agreg\u00f3 Ana Paola Morgado Luna, representante de la empresa Paola en Baile.<\/p>\n\n\n\n<p>Dio a cono conocer que en M\u00e9xico existen alrededor de 20 millones de personas con alg\u00fan tipo de discapacidad, de \u00e9stas un mill\u00f3n y medio est\u00e1n en el Estado y en Xalapa son alrededor de 90 mil.<\/p>\n\n\n\n<p>En ese sentido, coment\u00f3 que las mayores discapacidades que predominan en Veracruz son la motriz y la visual, y cuando llegan a inscribirlos no los incluyen, s\u00f3lo permanecen en el sal\u00f3n, cuando &#8220;la cosa es que participes y seas agente activo en clase&#8221; dijo Paola Morgado.<\/p>\n\n\n\n<p>Por su parte, Jessica Lizeth Soler Balam, se\u00f1al\u00f3 que muchas veces las quejas de los padres de familia de estudiantes con alg\u00fan tipo de discapacidad es porque no hay inclusi\u00f3n por parte de la comunidad escolar, lo cual se repite en el \u00e1mbito social, cultural y laboral.<\/p>\n\n\n\n<p>&#8220;Dicen te incluyo para ser inclusivo entre comillas, pero no se generan programas de inclusi\u00f3n congruentes, conscientes, emp\u00e1ticos en donde todos forman parte, todos toman decisiones con opiniones de personas con discapacidad&#8221;, acus\u00f3.<\/p>\n\n\n\n<p>Dieron a conocer que el pr\u00f3ximo viernes 3 de diciembre se llevar\u00e1 a cabo un evento denominado &#8220;Sentidos&#8221; en que se realizar\u00e1n diversas actividades como conferencias, exposiciones pict\u00f3ricas, baile y m\u00fasica.<\/p>\n\n\n\n<p>Finalmente cabe se\u00f1alar que todo esto es en el marco del D\u00eda Internacional de las personas con Discapacidad, el evento se llevar\u00e1 a cabo en los bajos del palacio municipal a partir de las 10:00 horas.<\/p>\n","protected":false},"excerpt":{"rendered":"<p>Dar\u00edo Pale Xalapa, Ver.- A pesar de que Veracruz cuenta con m\u00e1s de 1.5 millones de personas con alg\u00fan tipo de discapacidad no ha sido inclusivo ya que no se respetan las leyes incluso hay escuelas donde no los reciben. En conferencia de prensa realizada en conocido caf\u00e9 del centro de Xalapa, integrantes de varias [&hellip;]<\/p>\n","protected":false},"author":1,"featured_media":20824,"comment_status":"open","ping_status":"open","sticky":false,"template":"","format":"standard","meta":{"_jetpack_memberships_contains_paid_content":false,"footnotes":""},"categories":[3],"tags":[],"class_list":["post-20823","post","type-post","status-publish","format-standard","has-post-thumbnail","hentry","category-xalapa"],"jetpack_featured_media_url":"https:\/\/encuentroinformativo.com.mx\/wp-content\/uploads\/2021\/11\/A7EE8440-28D4-4A59-A5AD-A0C91CBE58EF.jpeg","jetpack_sharing_enabled":true,"jetpack_likes_enabled":true,"amp_enabled":true,"_links":{"self":[{"href":"https:\/\/encuentroinformativo.com.mx\/index.php?rest_route=\/wp\/v2\/posts\/20823","targetHints":{"allow":["GET"]}}],"collection":[{"href":"https:\/\/encuentroinformativo.com.mx\/index.php?rest_route=\/wp\/v2\/posts"}],"about":[{"href":"https:\/\/encuentroinformativo.com.mx\/index.php?rest_route=\/wp\/v2\/types\/post"}],"author":[{"embeddable":true,"href":"https:\/\/encuentroinformativo.com.mx\/index.php?rest_route=\/wp\/v2\/users\/1"}],"replies":[{"embeddable":true,"href":"https:\/\/encuentroinformativo.com.mx\/index.php?rest_route=%2Fwp%2Fv2%2Fcomments&post=20823"}],"version-history":[{"count":1,"href":"https:\/\/encuentroinformativo.com.mx\/index.php?rest_route=\/wp\/v2\/posts\/20823\/revisions"}],"predecessor-version":[{"id":20825,"href":"https:\/\/encuentroinformativo.com.mx\/index.php?rest_route=\/wp\/v2\/posts\/20823\/revisions\/20825"}],"wp:featuredmedia":[{"embeddable":true,"href":"https:\/\/encuentroinformativo.com.mx\/index.php?rest_route=\/wp\/v2\/media\/20824"}],"wp:attachment":[{"href":"https:\/\/encuentroinformativo.com.mx\/index.php?rest_route=%2Fwp%2Fv2%2Fmedia&parent=20823"}],"wp:term":[{"taxonomy":"category","embeddable":true,"href":"https:\/\/encuentroinformativo.com.mx\/index.php?rest_route=%2Fwp%2Fv2%2Fcategories&post=20823"},{"taxonomy":"post_tag","embeddable":true,"href":"https:\/\/encuentroinformativo.com.mx\/index.php?rest_route=%2Fwp%2Fv2%2Ftags&post=20823"}],"curies":[{"name":"wp","href":"https:\/\/api.w.org\/{rel}","templated":true}]}}