{"id":20832,"date":"2021-11-29T13:27:37","date_gmt":"2021-11-29T19:27:37","guid":{"rendered":"https:\/\/encuentroinformativo.com.mx\/?p=20832"},"modified":"2021-11-29T13:27:41","modified_gmt":"2021-11-29T19:27:41","slug":"niega-guzman-aviles-persecucion-politica-contra-panistas","status":"publish","type":"post","link":"https:\/\/encuentroinformativo.com.mx\/?p=20832","title":{"rendered":"Niega Guzm\u00e1n Avil\u00e9s persecuci\u00f3n pol\u00edtica contra panistas"},"content":{"rendered":"\n<p><strong>Juan Arcos<\/strong><\/p>\n\n\n\n<p>Xalapa, Ver.- El candidato a la dirigencia del Partido Acci\u00f3n Nacional (PAN) en Veracruz, Joaqu\u00edn Guzm\u00e1n Avil\u00e9s, neg\u00f3 que la detenci\u00f3n de su contrincante Tito \u201cN\u201d corresponda a una persecuci\u00f3n pol\u00edtica por parte del gobierno estatal morenista.<\/p>\n\n\n\n<p>\u201cYo siento que no hay persecuci\u00f3n pol\u00edtica, que no se politicen las cuestiones, lo que s\u00ed esperamos es que el gobierno no lo quiera hacer pol\u00edtico, dentro de un partido diferente a ellos\u201d, expres\u00f3.<\/p>\n\n\n\n<p>El entrevistado se\u00f1al\u00f3 que se trata de un caso que no se hab\u00eda presentado anteriormente y que deber\u00e1 continuar el proceso interno para la renovaci\u00f3n de la dirigencia estatal aunque el otro candidato est\u00e9 preso.<\/p>\n\n\n\n<p>Adem\u00e1s, aclar\u00f3 que, con base en los estatutos del PAN, no puede designar a otra persona para que sustituya a Delf\u00edn Cano en la contienda interna.<\/p>\n\n\n\n<p>Dijo desconocer el motivo por el cual Tito Delf\u00edn fue detenido en este momento y pidi\u00f3 a su compa\u00f1ero que se haga responsable en caso de haber incurrido en alg\u00fan delito.<\/p>\n\n\n\n<p>\u201cEs un tema particular, un tema propiciado de una situaci\u00f3n de un servidor p\u00fablico, que tiene responsabilidades y obviamente lo conmino a que cumpla con sus responsabilidades y pueda subsanar sus acciones y salvar la situaci\u00f3n que tiene\u201d, enfatiz\u00f3 Joaqu\u00edn Guzm\u00e1n.<\/p>\n\n\n\n<p>Cabe recordar que Delf\u00edn Cano fue detenido el pasado s\u00e1bado 27 de noviembre por su presunta responsabilidad en los delitos de abuso de autoridad, incumplimiento de un deber legal y fraude.<\/p>\n\n\n\n<p>Un juez de control dict\u00f3 prisi\u00f3n preventiva justificada por seis meses en su contra, por lo que permanecer\u00e1 en el penal de Pacho Viejo, municipio de Coatepec.<\/p>\n","protected":false},"excerpt":{"rendered":"<p>Juan Arcos Xalapa, Ver.- El candidato a la dirigencia del Partido Acci\u00f3n Nacional (PAN) en Veracruz, Joaqu\u00edn Guzm\u00e1n Avil\u00e9s, neg\u00f3 que la detenci\u00f3n de su contrincante Tito \u201cN\u201d corresponda a una persecuci\u00f3n pol\u00edtica por parte del gobierno estatal morenista. \u201cYo siento que no hay persecuci\u00f3n pol\u00edtica, que no se politicen las cuestiones, lo que s\u00ed [&hellip;]<\/p>\n","protected":false},"author":1,"featured_media":20833,"comment_status":"open","ping_status":"open","sticky":false,"template":"","format":"standard","meta":{"_jetpack_memberships_contains_paid_content":false,"footnotes":""},"categories":[2],"tags":[],"class_list":["post-20832","post","type-post","status-publish","format-standard","has-post-thumbnail","hentry","category-estado"],"jetpack_featured_media_url":"https:\/\/encuentroinformativo.com.mx\/wp-content\/uploads\/2021\/11\/623B3AA0-4E1C-4460-AB32-B697C053415C.jpeg","jetpack_sharing_enabled":true,"jetpack_likes_enabled":true,"amp_enabled":true,"_links":{"self":[{"href":"https:\/\/encuentroinformativo.com.mx\/index.php?rest_route=\/wp\/v2\/posts\/20832","targetHints":{"allow":["GET"]}}],"collection":[{"href":"https:\/\/encuentroinformativo.com.mx\/index.php?rest_route=\/wp\/v2\/posts"}],"about":[{"href":"https:\/\/encuentroinformativo.com.mx\/index.php?rest_route=\/wp\/v2\/types\/post"}],"author":[{"embeddable":true,"href":"https:\/\/encuentroinformativo.com.mx\/index.php?rest_route=\/wp\/v2\/users\/1"}],"replies":[{"embeddable":true,"href":"https:\/\/encuentroinformativo.com.mx\/index.php?rest_route=%2Fwp%2Fv2%2Fcomments&post=20832"}],"version-history":[{"count":1,"href":"https:\/\/encuentroinformativo.com.mx\/index.php?rest_route=\/wp\/v2\/posts\/20832\/revisions"}],"predecessor-version":[{"id":20834,"href":"https:\/\/encuentroinformativo.com.mx\/index.php?rest_route=\/wp\/v2\/posts\/20832\/revisions\/20834"}],"wp:featuredmedia":[{"embeddable":true,"href":"https:\/\/encuentroinformativo.com.mx\/index.php?rest_route=\/wp\/v2\/media\/20833"}],"wp:attachment":[{"href":"https:\/\/encuentroinformativo.com.mx\/index.php?rest_route=%2Fwp%2Fv2%2Fmedia&parent=20832"}],"wp:term":[{"taxonomy":"category","embeddable":true,"href":"https:\/\/encuentroinformativo.com.mx\/index.php?rest_route=%2Fwp%2Fv2%2Fcategories&post=20832"},{"taxonomy":"post_tag","embeddable":true,"href":"https:\/\/encuentroinformativo.com.mx\/index.php?rest_route=%2Fwp%2Fv2%2Ftags&post=20832"}],"curies":[{"name":"wp","href":"https:\/\/api.w.org\/{rel}","templated":true}]}}