{"id":2084,"date":"2020-04-24T12:49:35","date_gmt":"2020-04-24T17:49:35","guid":{"rendered":"https:\/\/encuentroinformativo.com\/?p=2084"},"modified":"2020-04-24T12:49:37","modified_gmt":"2020-04-24T17:49:37","slug":"comerciantes-inconformes-por-cierre-del-parque-juarez","status":"publish","type":"post","link":"https:\/\/encuentroinformativo.com.mx\/?p=2084","title":{"rendered":"Comerciantes inconformes por cierre del parque Ju\u00e1rez"},"content":{"rendered":"\n<p><strong>Juan Arcos <\/strong><\/p>\n\n\n\n<p>Xalapa, Ver.- El parque Benito Ju\u00e1rez permanecer\u00e1 cerrado durante 15 d\u00edas, denunciaron comerciantes fijos y semifijos, quienes manifestaron su inconformidad, debido a que no podr\u00e1n trabajar.<\/p>\n\n\n\n<p>Cabe recordar que la ma\u00f1ana del jueves polic\u00edas municipales acordonaron el lugar y este viernes colocaron vallas para evitar la instalaci\u00f3n de los vendedores.<\/p>\n\n\n\n<p>De acuerdo con \u00c1ngel Garc\u00eda Romero, l\u00edder de los boleros, autoridades del Ayuntamiento de Xalapa les informaron que el parque permanecer\u00e1 en esas condiciones hasta el pr\u00f3ximo 8 de mayo, tentativamente.<\/p>\n\n\n\n<p>Sin embargo, la apertura del lugar podr\u00eda aplazarse por la fase tres de la contingencia sanitaria por el coronavirus.<\/p>\n\n\n\n<p>En esta ocasi\u00f3n, s\u00f3lo les permitieron el acceso para que recogieran algunas pertenencias.<\/p>\n\n\n\n<p>\u201cSi se alarga esto vamos a ver qu\u00e9 otras opciones nos dan\u201d, expres\u00f3 el entrevistado.<br>Mientras tanto, los boleros se han comunicado con sus clientes para ofrecerles sus servicios a domicilio.<\/p>\n\n\n\n<p>Est\u00e1n dispuestos a recoger los zapatos, bolearlos en su casa y posteriormente entregarlos.<\/p>\n\n\n\n<p>Cabe recordar que solo en el parque Ju\u00e1rez hab\u00eda 22 betuneros y, en todo el Centro Hist\u00f3rico de Xalapa, cerca de 50.<\/p>\n","protected":false},"excerpt":{"rendered":"<p>Juan Arcos Xalapa, Ver.- El parque Benito Ju\u00e1rez permanecer\u00e1 cerrado durante 15 d\u00edas, denunciaron comerciantes fijos y semifijos, quienes manifestaron su inconformidad, debido a que no podr\u00e1n trabajar. Cabe recordar que la ma\u00f1ana del jueves polic\u00edas municipales acordonaron el lugar y este viernes colocaron vallas para evitar la instalaci\u00f3n de los vendedores. De acuerdo con [&hellip;]<\/p>\n","protected":false},"author":1,"featured_media":2085,"comment_status":"open","ping_status":"open","sticky":false,"template":"","format":"standard","meta":{"_jetpack_memberships_contains_paid_content":false,"footnotes":""},"categories":[3],"tags":[],"class_list":["post-2084","post","type-post","status-publish","format-standard","has-post-thumbnail","hentry","category-xalapa"],"jetpack_featured_media_url":"https:\/\/encuentroinformativo.com.mx\/wp-content\/uploads\/2020\/04\/9D66CCC7-5ED4-4903-A9DF-6312549364FF.jpeg","jetpack_sharing_enabled":true,"jetpack_likes_enabled":true,"amp_enabled":true,"_links":{"self":[{"href":"https:\/\/encuentroinformativo.com.mx\/index.php?rest_route=\/wp\/v2\/posts\/2084","targetHints":{"allow":["GET"]}}],"collection":[{"href":"https:\/\/encuentroinformativo.com.mx\/index.php?rest_route=\/wp\/v2\/posts"}],"about":[{"href":"https:\/\/encuentroinformativo.com.mx\/index.php?rest_route=\/wp\/v2\/types\/post"}],"author":[{"embeddable":true,"href":"https:\/\/encuentroinformativo.com.mx\/index.php?rest_route=\/wp\/v2\/users\/1"}],"replies":[{"embeddable":true,"href":"https:\/\/encuentroinformativo.com.mx\/index.php?rest_route=%2Fwp%2Fv2%2Fcomments&post=2084"}],"version-history":[{"count":1,"href":"https:\/\/encuentroinformativo.com.mx\/index.php?rest_route=\/wp\/v2\/posts\/2084\/revisions"}],"predecessor-version":[{"id":2086,"href":"https:\/\/encuentroinformativo.com.mx\/index.php?rest_route=\/wp\/v2\/posts\/2084\/revisions\/2086"}],"wp:featuredmedia":[{"embeddable":true,"href":"https:\/\/encuentroinformativo.com.mx\/index.php?rest_route=\/wp\/v2\/media\/2085"}],"wp:attachment":[{"href":"https:\/\/encuentroinformativo.com.mx\/index.php?rest_route=%2Fwp%2Fv2%2Fmedia&parent=2084"}],"wp:term":[{"taxonomy":"category","embeddable":true,"href":"https:\/\/encuentroinformativo.com.mx\/index.php?rest_route=%2Fwp%2Fv2%2Fcategories&post=2084"},{"taxonomy":"post_tag","embeddable":true,"href":"https:\/\/encuentroinformativo.com.mx\/index.php?rest_route=%2Fwp%2Fv2%2Ftags&post=2084"}],"curies":[{"name":"wp","href":"https:\/\/api.w.org\/{rel}","templated":true}]}}