{"id":20848,"date":"2021-11-29T17:10:17","date_gmt":"2021-11-29T23:10:17","guid":{"rendered":"https:\/\/encuentroinformativo.com.mx\/?p=20848"},"modified":"2021-11-29T17:10:21","modified_gmt":"2021-11-29T23:10:21","slug":"presentaran-en-veracruz-vacuna-alemana-contra-covid","status":"publish","type":"post","link":"https:\/\/encuentroinformativo.com.mx\/?p=20848","title":{"rendered":"Presentar\u00e1n en Veracruz vacuna alemana contra COVID"},"content":{"rendered":"\n<p><strong>Alejandro \u00c1vila<\/strong><\/p>\n\n\n\n<p>Boca del R\u00edo, Ver.- El Centro de Investigaci\u00f3n Clinica &#8220;FAICIC&#8221; presentar\u00e1 en Veracruz la vacuna alemana INOVIO, misma que estar\u00e1 desarrollando su face tres en M\u00e9xico.<\/p>\n\n\n\n<p>Sharzy Molina Guizar, directora general de FAICIC Centro de Investigaci\u00f3n Cl\u00ednica, destac\u00f3 que dicho farmaco ya fue dado a conocer en &#8220;La Ma\u00f1anera&#8221; por los representantes de Salud Federal y el secretario de Relaciones Exteriores, Marcelo Ebrard Casaub\u00f3n.<\/p>\n\n\n\n<p>&#8220;Nosotros esperamos contribuir a esta investigaci\u00f3n con 250 dosis para paciente, aqu\u00ed el reto es que son pacientes que no hayan recibido nunca una vacuna para COVID-19 (\u2026) ser\u00edan dos dosis, y un distintivo de esta vacuna, es que no tiene una aguja, no se va a inyectar como las vacunas convencionales, sino va a ser a trav\u00e9s de un electrodo, lo cual permite llegar de manera celular mucho m\u00e1s rapido, lo que es toda la parte que permite y evita que se reproduzcan las celulas de COVID-19, lo que le llamamos la inmunidad&#8221;, asest\u00f3.<\/p>\n\n\n\n<p>Molina Guizar subray\u00f3 que en su fase dos, la vacuna alemana cuenta con un 95 por ciento de eficacia; al momento, los voluntarios deber\u00e1n ser mayores de 18 a\u00f1os, no embarazadas o lactando, y que no hayan recibido ninguna dosis contra COVID-19 a la fecha.<\/p>\n\n\n\n<p>En otro tema, mencion\u00f3 que la nueva cepa, OMICRON, no ser\u00e1 la \u00fanica variante con la que se va a encontrar la poblaci\u00f3n, habr\u00e1 muchas m\u00e1s durante los siguientes meses, por lo que recomienta continuar con las medidas sanitarias ya conocidas.<\/p>\n\n\n\n<p>&#8220;La mejor medida, porque siempre me lo han preguntado, porque no solamente va a surgir esta nueva variante, sino vamos a enfrentar durante el pr\u00f3ximo a\u00f1o otras variantes, y siempre la medida mayor van a ser las que ya conocemos, la sana distancia social, el uso del cubre bocas, el lavado de manos&#8221;, remat\u00f3.<\/p>\n","protected":false},"excerpt":{"rendered":"<p>Alejandro \u00c1vila Boca del R\u00edo, Ver.- El Centro de Investigaci\u00f3n Clinica &#8220;FAICIC&#8221; presentar\u00e1 en Veracruz la vacuna alemana INOVIO, misma que estar\u00e1 desarrollando su face tres en M\u00e9xico. Sharzy Molina Guizar, directora general de FAICIC Centro de Investigaci\u00f3n Cl\u00ednica, destac\u00f3 que dicho farmaco ya fue dado a conocer en &#8220;La Ma\u00f1anera&#8221; por los representantes de [&hellip;]<\/p>\n","protected":false},"author":1,"featured_media":20849,"comment_status":"open","ping_status":"open","sticky":false,"template":"","format":"standard","meta":{"_jetpack_memberships_contains_paid_content":false,"footnotes":""},"categories":[9],"tags":[],"class_list":["post-20848","post","type-post","status-publish","format-standard","has-post-thumbnail","hentry","category-salud"],"jetpack_featured_media_url":"https:\/\/encuentroinformativo.com.mx\/wp-content\/uploads\/2021\/11\/0778A3A6-3662-4CA2-9827-7A82EF9AAB4B.jpeg","jetpack_sharing_enabled":true,"jetpack_likes_enabled":true,"amp_enabled":true,"_links":{"self":[{"href":"https:\/\/encuentroinformativo.com.mx\/index.php?rest_route=\/wp\/v2\/posts\/20848","targetHints":{"allow":["GET"]}}],"collection":[{"href":"https:\/\/encuentroinformativo.com.mx\/index.php?rest_route=\/wp\/v2\/posts"}],"about":[{"href":"https:\/\/encuentroinformativo.com.mx\/index.php?rest_route=\/wp\/v2\/types\/post"}],"author":[{"embeddable":true,"href":"https:\/\/encuentroinformativo.com.mx\/index.php?rest_route=\/wp\/v2\/users\/1"}],"replies":[{"embeddable":true,"href":"https:\/\/encuentroinformativo.com.mx\/index.php?rest_route=%2Fwp%2Fv2%2Fcomments&post=20848"}],"version-history":[{"count":1,"href":"https:\/\/encuentroinformativo.com.mx\/index.php?rest_route=\/wp\/v2\/posts\/20848\/revisions"}],"predecessor-version":[{"id":20850,"href":"https:\/\/encuentroinformativo.com.mx\/index.php?rest_route=\/wp\/v2\/posts\/20848\/revisions\/20850"}],"wp:featuredmedia":[{"embeddable":true,"href":"https:\/\/encuentroinformativo.com.mx\/index.php?rest_route=\/wp\/v2\/media\/20849"}],"wp:attachment":[{"href":"https:\/\/encuentroinformativo.com.mx\/index.php?rest_route=%2Fwp%2Fv2%2Fmedia&parent=20848"}],"wp:term":[{"taxonomy":"category","embeddable":true,"href":"https:\/\/encuentroinformativo.com.mx\/index.php?rest_route=%2Fwp%2Fv2%2Fcategories&post=20848"},{"taxonomy":"post_tag","embeddable":true,"href":"https:\/\/encuentroinformativo.com.mx\/index.php?rest_route=%2Fwp%2Fv2%2Ftags&post=20848"}],"curies":[{"name":"wp","href":"https:\/\/api.w.org\/{rel}","templated":true}]}}