{"id":20854,"date":"2021-11-30T09:11:44","date_gmt":"2021-11-30T15:11:44","guid":{"rendered":"https:\/\/encuentroinformativo.com.mx\/?p=20854"},"modified":"2021-11-30T09:11:48","modified_gmt":"2021-11-30T15:11:48","slug":"el-silencio-del-pan","status":"publish","type":"post","link":"https:\/\/encuentroinformativo.com.mx\/?p=20854","title":{"rendered":"El silencio del PAN"},"content":{"rendered":"\n<p><strong>Los Pol\u00edticos<\/strong><\/p>\n\n\n\n<p><strong>Salvador Mu\u00f1oz<\/strong><\/p>\n\n\n\n<p>Hay dos ramas por las cuales andar en el caso de Tito Delf\u00edn Cano:<\/p>\n\n\n\n<p>La primera, que creo que es de inter\u00e9s ciudadano: el saber a ciencia cierta por los medios conducentes, por qu\u00e9 fue detenido el candidato a la dirigencia estatal del PAN. Una de las primeras se\u00f1ales que dio la Fiscal\u00eda General del Estado, fueron las siguientes l\u00edneas publicadas un d\u00eda despu\u00e9s de la detenci\u00f3n, es decir, el domingo: \u201cLa FGE informa que a trav\u00e9s de la FIscal\u00eda Especializada en Combate a la Corrupci\u00f3n, fue cumplimentada una orden de aprehensi\u00f3n en contra de Tito N por su probable responsabilidad en los delitos de abuso de autoridad, incumplimiento de un deber legal y fraude\u201d.<\/p>\n\n\n\n<p>Si bien, uno debiera darse por satisfecho con este comentario de la FGE entendiendo lo escueto de su cuerpo (\u201cpor las reservas del caso\u201d), hay lugar a que haya confusi\u00f3n porque los mismos panistas han hecho un verdadero desbarajuste de la situaci\u00f3n jur\u00eddica por la que atraviesa Tito Delf\u00edn Cano: que si Morena, que si Cuitl\u00e1huac, que si los Yunes, que si Chapito, que si Indira, etc\u00e9tera.<\/p>\n\n\n\n<p>La segunda rama es precisamente \u00e9sa: escuchar en Guilebaldo Garc\u00eda Zenil el posicionamiento del partido al respecto y no, no nos referimos al comunicado que se difundi\u00f3 en redes sociales el pasado s\u00e1bado a las 7 de la noche donde adem\u00e1s de decir que estaban al tanto de la detenci\u00f3n de Tito Delf\u00edn Cano sin conocer los motivos de tal acci\u00f3n, soltaban este comentario: \u201cNos encontramos en un proceso de renovaci\u00f3n democr\u00e1tica al interior de nuestro partido y los panistas no permitiremos la intromisi\u00f3n del Gobierno en nuestra vida interna. Hoy cerramos fila contra los abusos y exigimos el esclarecimiento inmediato de los hechos\u201d.<\/p>\n\n\n\n<p>A tres d\u00edas del suceso, todo el mundo sigue hablando (y algunos de m\u00e1s), pero Guilebaldo Garc\u00eda Zenil, \u00a1ni sus luces!<\/p>\n\n\n\n<p>Bueno, a lo mejor por ese voto de silencio que trae Garc\u00eda Zenil muchos no sepan de qui\u00e9n hablo. Se trata del dirigente estatal interino, quien desde el siete de este mes que fenece, finge o funge como tal.<\/p>\n\n\n\n<p>Uno como ciudadano espera que nos diga qu\u00e9 es lo que pasa con su militante, qu\u00e9 es lo que pasa con el proceso democr\u00e1tico interno del partido, y qu\u00e9 tanto afecta que uno de los contendientes se encuentra detenido por los cargos arriba citados\u2026 \u00a1vamos! m\u00ednimo para desquitar el sueldo deber\u00eda de salir y aclarar estos puntos.<\/p>\n\n\n\n<p>No es posible que por ambos bandos que se disputan la dirigencia, hayan expuesto sus dimes y diretes \u00a1vamos! hasta los diputados federales salieron a defender a Tito\u2026 o qu\u00e9 decir de la bancada azul del Congreso local, quien este martes, da rueda de prensa, en voz de su coordinador Oth\u00f3n Hern\u00e1ndez Candanedo, para fijar postura tras la detenci\u00f3n del Doctor Tito Delf\u00edn Cano\u2026 pero la dirigencia estatal, ni Fu ni Fa\u2026<\/p>\n\n\n\n<p>Al final, pareciera que est\u00e1 en espera que la dirigencia nacional resuelva lo conducente. Dicho sea de paso, Marko Cort\u00e9s es opaco en este momento que atraviesa el partido en Veracruz. Muy diferente cuando Rogelio Franco Cast\u00e1n fue detenido donde no s\u00f3lo el perredismo veracruzano se desbord\u00f3 con manifestaciones por todos lados sino que hasta figuras nacionales se manifestaron tanto en M\u00e9xico como en Veracruz\u2026 s\u00ed, eran elecciones, pueden decir, pero al final, hicieron ruido\u2026 pero \u00bfy Marko?<\/p>\n\n\n\n<p>Es seguro que, si es prudente, en uso de las facultades que le da la dirigencia, designe a un delegado y esperar a que las aguas vuelvan a su nivel y una vez as\u00ed, dejar al partido estatal para que retome la convocatoria\u2026<\/p>\n\n\n\n<p>Ahora, El Chapito es el menos culpable de que las circunstancias le sean adversas a su contrincante y parezcan favorables para \u00e9l\u2026 la l\u00f3gica dice que el proceso debe continuar pero la moral obliga a preguntar si eso, las mismas circunstancias, legitimar\u00edan la dirigencia del Chapito ganando por defaul&#8230;<\/p>\n\n\n\n<p><a href=\"mailto:smcainito@gmail.com\" target=\"_blank\" rel=\"noreferrer noopener\">smcainito@gmail.com<\/a><\/p>\n","protected":false},"excerpt":{"rendered":"<p>Los Pol\u00edticos Salvador Mu\u00f1oz Hay dos ramas por las cuales andar en el caso de Tito Delf\u00edn Cano: La primera, que creo que es de inter\u00e9s ciudadano: el saber a ciencia cierta por los medios conducentes, por qu\u00e9 fue detenido el candidato a la dirigencia estatal del PAN. Una de las primeras se\u00f1ales que dio [&hellip;]<\/p>\n","protected":false},"author":1,"featured_media":387,"comment_status":"open","ping_status":"open","sticky":false,"template":"","format":"standard","meta":{"_jetpack_memberships_contains_paid_content":false,"footnotes":""},"categories":[11],"tags":[],"class_list":["post-20854","post","type-post","status-publish","format-standard","has-post-thumbnail","hentry","category-opinion"],"jetpack_featured_media_url":"https:\/\/encuentroinformativo.com.mx\/wp-content\/uploads\/2020\/03\/7CF8A22B-2764-47BE-8F7F-38FE9E5D6A2F.jpeg","jetpack_sharing_enabled":true,"jetpack_likes_enabled":true,"amp_enabled":true,"_links":{"self":[{"href":"https:\/\/encuentroinformativo.com.mx\/index.php?rest_route=\/wp\/v2\/posts\/20854","targetHints":{"allow":["GET"]}}],"collection":[{"href":"https:\/\/encuentroinformativo.com.mx\/index.php?rest_route=\/wp\/v2\/posts"}],"about":[{"href":"https:\/\/encuentroinformativo.com.mx\/index.php?rest_route=\/wp\/v2\/types\/post"}],"author":[{"embeddable":true,"href":"https:\/\/encuentroinformativo.com.mx\/index.php?rest_route=\/wp\/v2\/users\/1"}],"replies":[{"embeddable":true,"href":"https:\/\/encuentroinformativo.com.mx\/index.php?rest_route=%2Fwp%2Fv2%2Fcomments&post=20854"}],"version-history":[{"count":1,"href":"https:\/\/encuentroinformativo.com.mx\/index.php?rest_route=\/wp\/v2\/posts\/20854\/revisions"}],"predecessor-version":[{"id":20855,"href":"https:\/\/encuentroinformativo.com.mx\/index.php?rest_route=\/wp\/v2\/posts\/20854\/revisions\/20855"}],"wp:featuredmedia":[{"embeddable":true,"href":"https:\/\/encuentroinformativo.com.mx\/index.php?rest_route=\/wp\/v2\/media\/387"}],"wp:attachment":[{"href":"https:\/\/encuentroinformativo.com.mx\/index.php?rest_route=%2Fwp%2Fv2%2Fmedia&parent=20854"}],"wp:term":[{"taxonomy":"category","embeddable":true,"href":"https:\/\/encuentroinformativo.com.mx\/index.php?rest_route=%2Fwp%2Fv2%2Fcategories&post=20854"},{"taxonomy":"post_tag","embeddable":true,"href":"https:\/\/encuentroinformativo.com.mx\/index.php?rest_route=%2Fwp%2Fv2%2Ftags&post=20854"}],"curies":[{"name":"wp","href":"https:\/\/api.w.org\/{rel}","templated":true}]}}