{"id":20864,"date":"2021-11-30T11:07:14","date_gmt":"2021-11-30T17:07:14","guid":{"rendered":"https:\/\/encuentroinformativo.com.mx\/?p=20864"},"modified":"2021-11-30T11:07:17","modified_gmt":"2021-11-30T17:07:17","slug":"artesanos-de-ixhuatlancillo-denuncian-cobro-excesivo-para-espacios-de-ventas-en-veracruz","status":"publish","type":"post","link":"https:\/\/encuentroinformativo.com.mx\/?p=20864","title":{"rendered":"Artesanos de Ixhuatlancillo denuncian cobro  excesivo para espacios de ventas en Veracruz"},"content":{"rendered":"\n<p><strong>Alejandro \u00c1vila<\/strong><\/p>\n\n\n\n<p>Veracruz, Ver.- Artesanos de Ixhuatlancillo, denunciaron un cobro excesivo que pretende hacerles el sub director de Comercio del municipio de Veracruz, con la finalidad de desalojarlos antes del 3 de diciembre.<\/p>\n\n\n\n<p>Teresa Garc\u00eda Flores, presidenta de la Asociaci\u00f3n Civil de Mujeres Voluntarias para el desarrollo de Ixhuatlancillo, relat\u00f3 que por la pandemia, desde hace un a\u00f1o les dieron un espacio en el estacionamiento de Reino M\u00e1gico, con permiso para quedarse hasta el 29 de diciembre, pues ah\u00ed se instalan los comerciantes de la Feria de Reyes Magos.<\/p>\n\n\n\n<p>&#8220;Sin embargo, ahorita en estos d\u00edas lleg\u00f3 el sub director (de Comercio) junto con el l\u00edder, que se llama Camerino Sixtos, y entonces \u00e9l nos dice que nos va a cobrar a mil quinientos el metro (\u2026) que aproximadamente dice \u00e9l que son 45 mil pesos&#8221;, mencion\u00f3 la artesana.<\/p>\n\n\n\n<p>La tambi\u00e9n activista, dijo que ha acudido al Ayuntamiento de Veracruz para intentar platicar con el director de Comercio, pero hasta el momento no ha logrado el objetivo; motivo por el cual solicita el apoyo del alcalde Fernando Yunes M\u00e1rquez, para mediar la situaci\u00f3n, ya que aseguran, no se niegan a pagar, pero que sea un cobro justo.<\/p>\n\n\n\n<p>&#8220;Nosotros hacemos un llamado al se\u00f1or presidente para ver si nos podr\u00eda condonar o, no nos negamos a pagar, s\u00ed podemos pagar, pero algo justo, porque no podemos pagar m\u00e1s&#8221;, subray\u00f3.<\/p>\n\n\n\n<p>Teresa Garc\u00eda Flores, aclar\u00f3 que su Asociaci\u00f3n Civil ayuda su comunidad recolectando medicamento, y creando programas de emprendimiento para sumar a los jovenes con problemas de drogadiccion, a fin de que dejen los vicios y se ocupen en un trabajo.<\/p>\n\n\n\n<p>&#8220;Esta es una Asociaci\u00f3n Civil que trabaja para ellos, entonces aqu\u00ed subsistimos m\u00e1s de 250 personas, que toda esta mercancia, cada uno hace sus artesan\u00edas&#8221;, agreg\u00f3.<\/p>\n\n\n\n<p>La artesana explic\u00f3 que el a\u00f1o pasado realizaron un pago para poder vender, de poco m\u00e1s de 9 mil pesos, adem\u00e1s de regalar un volteo con tierra, a solicitud del director de Medio Ambiente, quien en este 2021, les solicit\u00f3 donar una podadora, y este ser\u00eda el pago por vender durante todo el mes de diciembre.<\/p>\n\n\n\n<p>&#8220;Y ya lo dimos, para quedarnos todo diciembre, hasta el 29 nos tenemos que quitar (\u2026) y ahorita ya nos sali\u00f3 el sub director, ya trajo al l\u00edder, que le tenemos que pagar al l\u00edder, yo no puedo tratar con l\u00edderes, yo simplemente s\u00ed estoy dispuesta a que se refleje en la tesorer\u00eda, estamos dispuesto a pagarlo (\u2026) pero no 45, porque 45 es mucho&#8221;, remat\u00f3.<\/p>\n","protected":false},"excerpt":{"rendered":"<p>Alejandro \u00c1vila Veracruz, Ver.- Artesanos de Ixhuatlancillo, denunciaron un cobro excesivo que pretende hacerles el sub director de Comercio del municipio de Veracruz, con la finalidad de desalojarlos antes del 3 de diciembre. Teresa Garc\u00eda Flores, presidenta de la Asociaci\u00f3n Civil de Mujeres Voluntarias para el desarrollo de Ixhuatlancillo, relat\u00f3 que por la pandemia, desde [&hellip;]<\/p>\n","protected":false},"author":1,"featured_media":20865,"comment_status":"open","ping_status":"open","sticky":false,"template":"","format":"standard","meta":{"_jetpack_memberships_contains_paid_content":false,"footnotes":""},"categories":[2],"tags":[],"class_list":["post-20864","post","type-post","status-publish","format-standard","has-post-thumbnail","hentry","category-estado"],"jetpack_featured_media_url":"https:\/\/encuentroinformativo.com.mx\/wp-content\/uploads\/2021\/11\/407708DB-A3F0-46AA-9D2E-3EEF3FB0C353.jpeg","jetpack_sharing_enabled":true,"jetpack_likes_enabled":true,"amp_enabled":true,"_links":{"self":[{"href":"https:\/\/encuentroinformativo.com.mx\/index.php?rest_route=\/wp\/v2\/posts\/20864","targetHints":{"allow":["GET"]}}],"collection":[{"href":"https:\/\/encuentroinformativo.com.mx\/index.php?rest_route=\/wp\/v2\/posts"}],"about":[{"href":"https:\/\/encuentroinformativo.com.mx\/index.php?rest_route=\/wp\/v2\/types\/post"}],"author":[{"embeddable":true,"href":"https:\/\/encuentroinformativo.com.mx\/index.php?rest_route=\/wp\/v2\/users\/1"}],"replies":[{"embeddable":true,"href":"https:\/\/encuentroinformativo.com.mx\/index.php?rest_route=%2Fwp%2Fv2%2Fcomments&post=20864"}],"version-history":[{"count":1,"href":"https:\/\/encuentroinformativo.com.mx\/index.php?rest_route=\/wp\/v2\/posts\/20864\/revisions"}],"predecessor-version":[{"id":20866,"href":"https:\/\/encuentroinformativo.com.mx\/index.php?rest_route=\/wp\/v2\/posts\/20864\/revisions\/20866"}],"wp:featuredmedia":[{"embeddable":true,"href":"https:\/\/encuentroinformativo.com.mx\/index.php?rest_route=\/wp\/v2\/media\/20865"}],"wp:attachment":[{"href":"https:\/\/encuentroinformativo.com.mx\/index.php?rest_route=%2Fwp%2Fv2%2Fmedia&parent=20864"}],"wp:term":[{"taxonomy":"category","embeddable":true,"href":"https:\/\/encuentroinformativo.com.mx\/index.php?rest_route=%2Fwp%2Fv2%2Fcategories&post=20864"},{"taxonomy":"post_tag","embeddable":true,"href":"https:\/\/encuentroinformativo.com.mx\/index.php?rest_route=%2Fwp%2Fv2%2Ftags&post=20864"}],"curies":[{"name":"wp","href":"https:\/\/api.w.org\/{rel}","templated":true}]}}