{"id":2087,"date":"2020-04-24T13:00:13","date_gmt":"2020-04-24T18:00:13","guid":{"rendered":"https:\/\/encuentroinformativo.com\/?p=2087"},"modified":"2020-04-24T13:00:15","modified_gmt":"2020-04-24T18:00:15","slug":"boleros-afectados-por-cierre-de-espacios","status":"publish","type":"post","link":"https:\/\/encuentroinformativo.com.mx\/?p=2087","title":{"rendered":"Boleros afectados por cierre de espacios"},"content":{"rendered":"\n<p><strong>Dar\u00edo Pale <\/strong><\/p>\n\n\n\n<p>Xalapa, Ver.- Desde las 21:30 horas de ayer elementos de Protecci\u00f3n civil y elementos de la polic\u00eda municipal colocaron rejas en la periferia del parque Ju\u00e1rez debido a que la ciudadan\u00eda no respet\u00f3 el acordonamiento y pasaban ya s\u00e9 por encima o debajo de estas.<\/p>\n\n\n\n<p>Motivo por el cual en las siguientes dos semanas el parque Benito Ju\u00e1rez de la ciudad de Xalapa permanecer\u00e1 cerrado. En los accesos fueron colocadas las barras de seguridad para impedir el acceso a los ciudadanos.<\/p>\n\n\n\n<p>Motivo por el cual el l\u00edder de los boleros, \u00c1ngel Garc\u00eda Romero, dijo que en este sitio son 22 lustradores de calzado, pero suman 50 con los que se instalan en los alrededores del mercado J\u00e1uregui.<\/p>\n\n\n\n<p>Esperan que no se prolongue durante las siguientes dos semanas porque aseguran que tendr\u00e1n afectaciones econ\u00f3micas.<\/p>\n\n\n\n<p>&#8220;Nos dijeron que van a cerrar 15 d\u00edas y si se alarga vamos a mandarles mensajes a nuestros clientes y si necesitan del servicio bolearemos en nuestras casas&#8221;, indic\u00f3 \u00c1ngel Garc\u00eda Romero.<\/p>\n\n\n\n<p>Finalmente cabe se\u00f1alar que ahora para llegar al centro caminando tiene que rodear el parque y palacio de gobierno ya que no hay paso por el interior del parque ya que adem\u00e1s se encuentra personal del DIAC y de seguridad p\u00fablica municipal.<\/p>\n\n\n\n<p><\/p>\n\n\n\n<p><\/p>\n","protected":false},"excerpt":{"rendered":"<p>Dar\u00edo Pale Xalapa, Ver.- Desde las 21:30 horas de ayer elementos de Protecci\u00f3n civil y elementos de la polic\u00eda municipal colocaron rejas en la periferia del parque Ju\u00e1rez debido a que la ciudadan\u00eda no respet\u00f3 el acordonamiento y pasaban ya s\u00e9 por encima o debajo de estas. Motivo por el cual en las siguientes dos [&hellip;]<\/p>\n","protected":false},"author":1,"featured_media":2088,"comment_status":"open","ping_status":"open","sticky":false,"template":"","format":"standard","meta":{"_jetpack_memberships_contains_paid_content":false,"footnotes":""},"categories":[3],"tags":[],"class_list":["post-2087","post","type-post","status-publish","format-standard","has-post-thumbnail","hentry","category-xalapa"],"jetpack_featured_media_url":"https:\/\/encuentroinformativo.com.mx\/wp-content\/uploads\/2020\/04\/DEBBE085-59EF-496E-A14C-3BC254B368BB.jpeg","jetpack_sharing_enabled":true,"jetpack_likes_enabled":true,"amp_enabled":true,"_links":{"self":[{"href":"https:\/\/encuentroinformativo.com.mx\/index.php?rest_route=\/wp\/v2\/posts\/2087","targetHints":{"allow":["GET"]}}],"collection":[{"href":"https:\/\/encuentroinformativo.com.mx\/index.php?rest_route=\/wp\/v2\/posts"}],"about":[{"href":"https:\/\/encuentroinformativo.com.mx\/index.php?rest_route=\/wp\/v2\/types\/post"}],"author":[{"embeddable":true,"href":"https:\/\/encuentroinformativo.com.mx\/index.php?rest_route=\/wp\/v2\/users\/1"}],"replies":[{"embeddable":true,"href":"https:\/\/encuentroinformativo.com.mx\/index.php?rest_route=%2Fwp%2Fv2%2Fcomments&post=2087"}],"version-history":[{"count":1,"href":"https:\/\/encuentroinformativo.com.mx\/index.php?rest_route=\/wp\/v2\/posts\/2087\/revisions"}],"predecessor-version":[{"id":2089,"href":"https:\/\/encuentroinformativo.com.mx\/index.php?rest_route=\/wp\/v2\/posts\/2087\/revisions\/2089"}],"wp:featuredmedia":[{"embeddable":true,"href":"https:\/\/encuentroinformativo.com.mx\/index.php?rest_route=\/wp\/v2\/media\/2088"}],"wp:attachment":[{"href":"https:\/\/encuentroinformativo.com.mx\/index.php?rest_route=%2Fwp%2Fv2%2Fmedia&parent=2087"}],"wp:term":[{"taxonomy":"category","embeddable":true,"href":"https:\/\/encuentroinformativo.com.mx\/index.php?rest_route=%2Fwp%2Fv2%2Fcategories&post=2087"},{"taxonomy":"post_tag","embeddable":true,"href":"https:\/\/encuentroinformativo.com.mx\/index.php?rest_route=%2Fwp%2Fv2%2Ftags&post=2087"}],"curies":[{"name":"wp","href":"https:\/\/api.w.org\/{rel}","templated":true}]}}