{"id":20871,"date":"2021-11-30T13:18:42","date_gmt":"2021-11-30T19:18:42","guid":{"rendered":"https:\/\/encuentroinformativo.com.mx\/?p=20871"},"modified":"2021-11-30T13:18:44","modified_gmt":"2021-11-30T19:18:44","slug":"presume-pt-su-agenda-legislativa-defienden-comparecencias","status":"publish","type":"post","link":"https:\/\/encuentroinformativo.com.mx\/?p=20871","title":{"rendered":"Presume PT su agenda legislativa; defienden comparecencias"},"content":{"rendered":"\n<p><strong>Dar\u00edo Pale<\/strong> <\/p>\n\n\n\n<p>Xalapa, Ver.- El diputado local del Partido del Trabajo (PT), Ram\u00f3n D\u00edaz \u00c1vila present\u00f3 su agenda legislativa, adem\u00e1s de que record\u00f3 que el gobierno del estado solicitar\u00e1 un pr\u00e9stamo para cubrir todos los pendientes que tiene.<\/p>\n\n\n\n<p>En conferencia de prensa realizada en las instalaciones de su partido, se\u00f1al\u00f3 que durante el primer periodo de sesiones presentar\u00e1 nueve iniciativas las cuales una es sobre los derechos de a ni\u00f1ez, igualdad de derechos y procuraci\u00f3n de justicia, la cual present\u00f3 el d\u00eda 25 de noviembre ante el pleno.<\/p>\n\n\n\n<p>Otras de las iniciativas que est\u00e1n dentro de su agenda legislativa son salud, turismo, cultura y tradiciones, gobierno y administraci\u00f3n p\u00fablica, fomento a la econom\u00eda artesanal, responsabilidad en el servicio p\u00fablico y educaci\u00f3n.<\/p>\n\n\n\n<p>Se\u00f1al\u00f3 que las iniciativas son para respaldar las causas sociales, por lo que al plantearlas a los dem\u00e1s diputados esperan que est\u00e9n a favor de las propuestas que est\u00e9n presentando, y espera que lo apoyen en el cien por ciento de las iniciativas que est\u00e1 presentando.<\/p>\n\n\n\n<p>En lo que respecta a las personas con discapacidad se\u00f1al\u00f3 que en las instalaciones del partido se est\u00e1n acondicionando las instalaciones para apoyar a estas personas, pero en el tema legislativa esta presentando lo que a ellos les ha llegado pero eso no quiere decir que se cierren ya que si hay alg\u00fan oro planteamiento ellos lo atender\u00e1n.<\/p>\n\n\n\n<p>En otro orden de ideas en lo que se refiere a las comparecencias se\u00f1al\u00f3 que ellos han sido referentes a que hace falta mucho por hacer y se pusieron a disposici\u00f3n de los secretarios que han acudido al congreso para ayudar en lo que m\u00e1s se pueda como legisladores o como partido para fortalecer las actividades de los secretarios de estado.<\/p>\n\n\n\n<p>Descart\u00f3 que est\u00e9n presentando cifras alegres ya que todos han se\u00f1alado que les hace falta presupuesto, para poder desarrollar como se debe las secretar\u00edas, adem\u00e1s de que les aclararon que hasta este momento ninguna tiene subejercicio ya que tienen hasta el mes de marzo para aplicarlo.<\/p>\n\n\n\n<p>Finalmente se\u00f1al\u00f3 que el secretario de finanzas del gobierno del estado les dio a conocer que solicitar\u00e1 un pr\u00e9stamo para poder cubrir todo lo pendiente que est\u00e1 en el estado y poder otorgar mayor recurso a las secretar\u00edas y puedan tener mayor actividad ya que a varias se les incremento.<\/p>\n","protected":false},"excerpt":{"rendered":"<p>Dar\u00edo Pale Xalapa, Ver.- El diputado local del Partido del Trabajo (PT), Ram\u00f3n D\u00edaz \u00c1vila present\u00f3 su agenda legislativa, adem\u00e1s de que record\u00f3 que el gobierno del estado solicitar\u00e1 un pr\u00e9stamo para cubrir todos los pendientes que tiene. En conferencia de prensa realizada en las instalaciones de su partido, se\u00f1al\u00f3 que durante el primer periodo [&hellip;]<\/p>\n","protected":false},"author":1,"featured_media":20872,"comment_status":"open","ping_status":"open","sticky":false,"template":"","format":"standard","meta":{"_jetpack_memberships_contains_paid_content":false,"footnotes":""},"categories":[2],"tags":[],"class_list":["post-20871","post","type-post","status-publish","format-standard","has-post-thumbnail","hentry","category-estado"],"jetpack_featured_media_url":"https:\/\/encuentroinformativo.com.mx\/wp-content\/uploads\/2021\/11\/3B4B657C-628A-42DD-8965-B1682CD4F7B8.jpeg","jetpack_sharing_enabled":true,"jetpack_likes_enabled":true,"amp_enabled":true,"_links":{"self":[{"href":"https:\/\/encuentroinformativo.com.mx\/index.php?rest_route=\/wp\/v2\/posts\/20871","targetHints":{"allow":["GET"]}}],"collection":[{"href":"https:\/\/encuentroinformativo.com.mx\/index.php?rest_route=\/wp\/v2\/posts"}],"about":[{"href":"https:\/\/encuentroinformativo.com.mx\/index.php?rest_route=\/wp\/v2\/types\/post"}],"author":[{"embeddable":true,"href":"https:\/\/encuentroinformativo.com.mx\/index.php?rest_route=\/wp\/v2\/users\/1"}],"replies":[{"embeddable":true,"href":"https:\/\/encuentroinformativo.com.mx\/index.php?rest_route=%2Fwp%2Fv2%2Fcomments&post=20871"}],"version-history":[{"count":1,"href":"https:\/\/encuentroinformativo.com.mx\/index.php?rest_route=\/wp\/v2\/posts\/20871\/revisions"}],"predecessor-version":[{"id":20873,"href":"https:\/\/encuentroinformativo.com.mx\/index.php?rest_route=\/wp\/v2\/posts\/20871\/revisions\/20873"}],"wp:featuredmedia":[{"embeddable":true,"href":"https:\/\/encuentroinformativo.com.mx\/index.php?rest_route=\/wp\/v2\/media\/20872"}],"wp:attachment":[{"href":"https:\/\/encuentroinformativo.com.mx\/index.php?rest_route=%2Fwp%2Fv2%2Fmedia&parent=20871"}],"wp:term":[{"taxonomy":"category","embeddable":true,"href":"https:\/\/encuentroinformativo.com.mx\/index.php?rest_route=%2Fwp%2Fv2%2Fcategories&post=20871"},{"taxonomy":"post_tag","embeddable":true,"href":"https:\/\/encuentroinformativo.com.mx\/index.php?rest_route=%2Fwp%2Fv2%2Ftags&post=20871"}],"curies":[{"name":"wp","href":"https:\/\/api.w.org\/{rel}","templated":true}]}}